{"id":71973,"date":"2017-11-03T17:23:22","date_gmt":"2017-11-03T15:23:22","guid":{"rendered":"http:\/\/www.sana.sy\/es\/?p=71973"},"modified":"2017-11-03T17:23:22","modified_gmt":"2017-11-03T15:23:22","slug":"yaberi-ansari-subraya-la-necesidad-de-beneficiarse-de-las-victorias-del-ejercito-sirio-para-fortalecer-la-via-politica-de-la-solucion-de-la-crisis-siria","status":"publish","type":"post","link":"https:\/\/archive.sana.sy\/es\/?p=71973","title":{"rendered":"Yaberi Ansari subraya la necesidad de beneficiarse de las victorias del Ej\u00e9rcito sirio para fortalecer la v\u00eda pol\u00edtica de la soluci\u00f3n de la crisis siria"},"content":{"rendered":"<p>&nbsp;<\/p>\n<p><span style=\"color: #800000;\">Teher\u00e1n-SANA<\/span><\/p>\n<p>El asesor del ministro de Exteriores iran\u00ed para Asuntos \u00c1rabes y Africanos, Hussein Yaberi Ansari, afirm\u00f3 la necesidad de beneficiarse de las victorias del Ej\u00e9rcito sirio para fortalecer las v\u00eda pol\u00edtica de la soluci\u00f3n de la crisis siria.<\/p>\n<p>Yaberi aclar\u00f3 que se logr\u00f3 un notable \u00e9xito en la lucha contra el terrorismo durante el a\u00f1o anterior en Siria e Irak, aludiendo a las grandes superficies de territorio liberado de la organizaci\u00f3n terrorista \u201cDaesh\u201d, lo que ayud\u00f3 a restablecer la estabilidad en los dos pa\u00edses.<\/p>\n<p>Ansari subray\u00f3 que las reuniones de Astan\u00e1 son continuas hasta que se instaure la seguridad y la estabilidad en Siria, y que Ir\u00e1n trabaja con sus socios para lograr esto.<\/p>\n<p>&nbsp;<\/p>\n<p><span style=\"color: #0000ff;\">Akram. S<\/span><\/p>\n","protected":false},"excerpt":{"rendered":"<p>&nbsp; Teher\u00e1n-SANA El asesor del ministro de Exteriores iran\u00ed para Asuntos \u00c1rabes y Africanos, Hussein Yaberi Ansari, afirm\u00f3 la necesidad de beneficiarse de las victorias del Ej\u00e9rcito sirio para fortalecer las v\u00eda pol\u00edtica de la soluci\u00f3n de la crisis siria. Yaberi aclar\u00f3 que se logr\u00f3 un notable \u00e9xito en la lucha contra el terrorismo durante &hellip;<\/p>\n","protected":false},"author":1,"featured_media":71974,"comment_status":"closed","ping_status":"closed","sticky":false,"template":"","format":"standard","meta":{"footnotes":""},"categories":[597,467,7541],"tags":[],"class_list":["post-71973","post","type-post","status-publish","format-standard","has-post-thumbnail","","category-cinta-de-noticias","category-siria-y-el-mundo","category-ultimas-noticias"],"_links":{"self":[{"href":"https:\/\/archive.sana.sy\/es\/index.php?rest_route=\/wp\/v2\/posts\/71973"}],"collection":[{"href":"https:\/\/archive.sana.sy\/es\/index.php?rest_route=\/wp\/v2\/posts"}],"about":[{"href":"https:\/\/archive.sana.sy\/es\/index.php?rest_route=\/wp\/v2\/types\/post"}],"author":[{"embeddable":true,"href":"https:\/\/archive.sana.sy\/es\/index.php?rest_route=\/wp\/v2\/users\/1"}],"replies":[{"embeddable":true,"href":"https:\/\/archive.sana.sy\/es\/index.php?rest_route=%2Fwp%2Fv2%2Fcomments&post=71973"}],"version-history":[{"count":0,"href":"https:\/\/archive.sana.sy\/es\/index.php?rest_route=\/wp\/v2\/posts\/71973\/revisions"}],"wp:featuredmedia":[{"embeddable":true,"href":"https:\/\/archive.sana.sy\/es\/index.php?rest_route=\/wp\/v2\/media\/71974"}],"wp:attachment":[{"href":"https:\/\/archive.sana.sy\/es\/index.php?rest_route=%2Fwp%2Fv2%2Fmedia&parent=71973"}],"wp:term":[{"taxonomy":"category","embeddable":true,"href":"https:\/\/archive.sana.sy\/es\/index.php?rest_route=%2Fwp%2Fv2%2Fcategories&post=71973"},{"taxonomy":"post_tag","embeddable":true,"href":"https:\/\/archive.sana.sy\/es\/index.php?rest_route=%2Fwp%2Fv2%2Ftags&post=71973"}],"curies":[{"name":"wp","href":"https:\/\/api.w.org\/{rel}","templated":true}]}}