{"id":72055,"date":"2017-11-05T19:46:01","date_gmt":"2017-11-05T17:46:01","guid":{"rendered":"http:\/\/www.sana.sy\/es\/?p=72055"},"modified":"2023-01-10T15:16:43","modified_gmt":"2023-01-10T13:16:43","slug":"reunion-sirio-iraqui-irani-para-reactivar-la-interconexion-electrica-entre-los-tres-paises","status":"publish","type":"post","link":"https:\/\/archive.sana.sy\/es\/?p=72055","title":{"rendered":"Reuni\u00f3n sirio-iraqu\u00ed-iran\u00ed para reactivar la interconexi\u00f3n el\u00e9ctrica entre los tres pa\u00edses"},"content":{"rendered":"<p>Teher\u00e1n-SANA<\/p>\n<p>Se celebr\u00f3 en la sede del ministerio de energ\u00eda iran\u00ed en Teher\u00e1n hoy una reuni\u00f3n tripartita que incluy\u00f3 los ministerios de electricidad de Siria, Irak e Ir\u00e1n para firmar un protocolo para la reactivaci\u00f3n del sistema de la interconexi\u00f3n el\u00e9ctrica de los tres pa\u00edses.<\/p>\n<p>El sistema permite el intercambio de energ\u00eda el\u00e9ctrica en caso que sea necesario.<\/p>\n<p>Y.K.<\/p>\n","protected":false},"excerpt":{"rendered":"<p>Teher\u00e1n-SANA Se celebr\u00f3 en la sede del ministerio de energ\u00eda iran\u00ed en Teher\u00e1n hoy una reuni\u00f3n tripartita que incluy\u00f3 los ministerios de electricidad de Siria, Irak e Ir\u00e1n para firmar un protocolo para la reactivaci\u00f3n del sistema de la interconexi\u00f3n el\u00e9ctrica de los tres pa\u00edses. El sistema permite el intercambio de energ\u00eda el\u00e9ctrica en caso &hellip;<\/p>\n","protected":false},"author":1,"featured_media":72056,"comment_status":"closed","ping_status":"closed","sticky":false,"template":"","format":"standard","meta":{"footnotes":""},"categories":[485,7541],"tags":[],"class_list":["post-72055","post","type-post","status-publish","format-standard","has-post-thumbnail","","category-informes-negocios-y-finanzas","category-ultimas-noticias"],"_links":{"self":[{"href":"https:\/\/archive.sana.sy\/es\/index.php?rest_route=\/wp\/v2\/posts\/72055"}],"collection":[{"href":"https:\/\/archive.sana.sy\/es\/index.php?rest_route=\/wp\/v2\/posts"}],"about":[{"href":"https:\/\/archive.sana.sy\/es\/index.php?rest_route=\/wp\/v2\/types\/post"}],"author":[{"embeddable":true,"href":"https:\/\/archive.sana.sy\/es\/index.php?rest_route=\/wp\/v2\/users\/1"}],"replies":[{"embeddable":true,"href":"https:\/\/archive.sana.sy\/es\/index.php?rest_route=%2Fwp%2Fv2%2Fcomments&post=72055"}],"version-history":[{"count":0,"href":"https:\/\/archive.sana.sy\/es\/index.php?rest_route=\/wp\/v2\/posts\/72055\/revisions"}],"wp:featuredmedia":[{"embeddable":true,"href":"https:\/\/archive.sana.sy\/es\/index.php?rest_route=\/wp\/v2\/media\/72056"}],"wp:attachment":[{"href":"https:\/\/archive.sana.sy\/es\/index.php?rest_route=%2Fwp%2Fv2%2Fmedia&parent=72055"}],"wp:term":[{"taxonomy":"category","embeddable":true,"href":"https:\/\/archive.sana.sy\/es\/index.php?rest_route=%2Fwp%2Fv2%2Fcategories&post=72055"},{"taxonomy":"post_tag","embeddable":true,"href":"https:\/\/archive.sana.sy\/es\/index.php?rest_route=%2Fwp%2Fv2%2Ftags&post=72055"}],"curies":[{"name":"wp","href":"https:\/\/api.w.org\/{rel}","templated":true}]}}