{"id":72059,"date":"2017-11-05T20:24:46","date_gmt":"2017-11-05T18:24:46","guid":{"rendered":"http:\/\/www.sana.sy\/es\/?p=72059"},"modified":"2017-11-05T22:36:49","modified_gmt":"2017-11-05T20:36:49","slug":"nasrulla-la-dimision-del-presidente-del-gobierno-libanes-saad-al-hariri-es-una-decision-saudi-por-obligacion","status":"publish","type":"post","link":"https:\/\/archive.sana.sy\/es\/?p=72059","title":{"rendered":"Nasrulla: la dimisi\u00f3n del presidente del gobierno liban\u00e9s Saad al Hariri es una decisi\u00f3n Saud\u00ed por obligaci\u00f3n"},"content":{"rendered":"<p><span style=\"color: #800000;\">Beirut-SANA<\/span><\/p>\n<p>El secretario general de Hizbol\u00e1, Hassan Nasrulla, afirm\u00f3 en un discurso que la dimisi\u00f3n del presidente del gobierno liban\u00e9s Saad al Hariri es una decisi\u00f3n saud\u00ed por obligaci\u00f3n.<\/p>\n<p>Nasrulla dijo: \u201cdebemos buscar el motivo de la dimisi\u00f3n de al Hariri en Arabia Saud\u00ed, no en el L\u00edbano que tiene derecho a preguntar por el paradero de al Hariri despu\u00e9s de la detenci\u00f3n de decenas de pr\u00edncipes, ministros y hombres de negocios.<\/p>\n<p>Nasrulla a\u00f1adi\u00f3 que todos pensaron en la forma de presentar su dimisi\u00f3n, en el lugar y la manera y en sus indicaciones vinculadas a la soberan\u00eda del L\u00edbano y su dignidad, y aunque al Hariri fuera obligado a la dimitir ser\u00eda mejor que se le permitiera volver al L\u00edbano y presentar su dimisi\u00f3n ante el presidente liban\u00e9s desde el palacio presidencial, pero la forma de la que fue presentada la dimisi\u00f3n revela la intervenci\u00f3n saud\u00ed en los asuntos internos del L\u00edbano.<\/p>\n<p>&nbsp;<\/p>\n<p><span style=\"color: #0000ff;\">Akram. S<\/span><\/p>\n","protected":false},"excerpt":{"rendered":"<p>Beirut-SANA El secretario general de Hizbol\u00e1, Hassan Nasrulla, afirm\u00f3 en un discurso que la dimisi\u00f3n del presidente del gobierno liban\u00e9s Saad al Hariri es una decisi\u00f3n saud\u00ed por obligaci\u00f3n. Nasrulla dijo: \u201cdebemos buscar el motivo de la dimisi\u00f3n de al Hariri en Arabia Saud\u00ed, no en el L\u00edbano que tiene derecho a preguntar por el &hellip;<\/p>\n","protected":false},"author":1,"featured_media":72060,"comment_status":"closed","ping_status":"closed","sticky":false,"template":"","format":"standard","meta":{"footnotes":""},"categories":[597,456,7541],"tags":[],"class_list":["post-72059","post","type-post","status-publish","format-standard","has-post-thumbnail","","category-cinta-de-noticias","category-arabe-internacional-politica","category-ultimas-noticias"],"_links":{"self":[{"href":"https:\/\/archive.sana.sy\/es\/index.php?rest_route=\/wp\/v2\/posts\/72059"}],"collection":[{"href":"https:\/\/archive.sana.sy\/es\/index.php?rest_route=\/wp\/v2\/posts"}],"about":[{"href":"https:\/\/archive.sana.sy\/es\/index.php?rest_route=\/wp\/v2\/types\/post"}],"author":[{"embeddable":true,"href":"https:\/\/archive.sana.sy\/es\/index.php?rest_route=\/wp\/v2\/users\/1"}],"replies":[{"embeddable":true,"href":"https:\/\/archive.sana.sy\/es\/index.php?rest_route=%2Fwp%2Fv2%2Fcomments&post=72059"}],"version-history":[{"count":0,"href":"https:\/\/archive.sana.sy\/es\/index.php?rest_route=\/wp\/v2\/posts\/72059\/revisions"}],"wp:featuredmedia":[{"embeddable":true,"href":"https:\/\/archive.sana.sy\/es\/index.php?rest_route=\/wp\/v2\/media\/72060"}],"wp:attachment":[{"href":"https:\/\/archive.sana.sy\/es\/index.php?rest_route=%2Fwp%2Fv2%2Fmedia&parent=72059"}],"wp:term":[{"taxonomy":"category","embeddable":true,"href":"https:\/\/archive.sana.sy\/es\/index.php?rest_route=%2Fwp%2Fv2%2Fcategories&post=72059"},{"taxonomy":"post_tag","embeddable":true,"href":"https:\/\/archive.sana.sy\/es\/index.php?rest_route=%2Fwp%2Fv2%2Ftags&post=72059"}],"curies":[{"name":"wp","href":"https:\/\/api.w.org\/{rel}","templated":true}]}}