{"id":72098,"date":"2017-11-06T17:43:29","date_gmt":"2017-11-06T15:43:29","guid":{"rendered":"http:\/\/www.sana.sy\/es\/?p=72098"},"modified":"2017-11-06T17:43:29","modified_gmt":"2017-11-06T15:43:29","slug":"ataque-terrorista-en-sweida-mata-a-un-joven-e-hiere-a-otros-tres","status":"publish","type":"post","link":"https:\/\/archive.sana.sy\/es\/?p=72098","title":{"rendered":"Ataque terrorista en Sweida mata a un joven e hiere a otros tres"},"content":{"rendered":"<p>Sweida, SANA<\/p>\n<p>Un joven muri\u00f3 y otros tres resultaron heridos en ataques perpetrados por un grupo armados contra varios coches en la carretera entre los poblados de Zukeir y Sourah en el campo norte de la provincia de Sweida en el sur de Siria.<\/p>\n<p>El ataque constituye una violaci\u00f3n por parte de los grupos extremistas a la zona de distensi\u00f3n en la regi\u00f3n sur del pa\u00eds.<\/p>\n<p>La polic\u00eda de Sweida inform\u00f3 polic\u00eda en un comunicado que un grupo armado bloque\u00f3 la carretera con piedras y dispar\u00f3 contra los coches que circulaban, lo que caus\u00f3 la muerte de un joven y heridas a otros tres.<\/p>\n<p>La zona donde se produjo el ataque se encuentra en el l\u00edmite administrativo con la provincia de Deraa donde operan grupos terroristas bajo diferentes nombres.<\/p>\n<p>Asimismo en Alepo, los grupos terroristas lanzaron 3 misiles contra el barrio de Niyal, hecho que provoc\u00f3 da\u00f1os materiales<\/p>\n<p>F.M-Y.K.<\/p>\n","protected":false},"excerpt":{"rendered":"<p>Sweida, SANA Un joven muri\u00f3 y otros tres resultaron heridos en ataques perpetrados por un grupo armados contra varios coches en la carretera entre los poblados de Zukeir y Sourah en el campo norte de la provincia de Sweida en el sur de Siria. El ataque constituye una violaci\u00f3n por parte de los grupos extremistas &hellip;<\/p>\n","protected":false},"author":1,"featured_media":72099,"comment_status":"closed","ping_status":"closed","sticky":false,"template":"","format":"standard","meta":{"footnotes":""},"categories":[573,583,7541],"tags":[],"class_list":["post-72098","post","type-post","status-publish","format-standard","has-post-thumbnail","","category-la-realidad-de-los-acontecimientos-en-siria","category-slide","category-ultimas-noticias"],"_links":{"self":[{"href":"https:\/\/archive.sana.sy\/es\/index.php?rest_route=\/wp\/v2\/posts\/72098"}],"collection":[{"href":"https:\/\/archive.sana.sy\/es\/index.php?rest_route=\/wp\/v2\/posts"}],"about":[{"href":"https:\/\/archive.sana.sy\/es\/index.php?rest_route=\/wp\/v2\/types\/post"}],"author":[{"embeddable":true,"href":"https:\/\/archive.sana.sy\/es\/index.php?rest_route=\/wp\/v2\/users\/1"}],"replies":[{"embeddable":true,"href":"https:\/\/archive.sana.sy\/es\/index.php?rest_route=%2Fwp%2Fv2%2Fcomments&post=72098"}],"version-history":[{"count":0,"href":"https:\/\/archive.sana.sy\/es\/index.php?rest_route=\/wp\/v2\/posts\/72098\/revisions"}],"wp:featuredmedia":[{"embeddable":true,"href":"https:\/\/archive.sana.sy\/es\/index.php?rest_route=\/wp\/v2\/media\/72099"}],"wp:attachment":[{"href":"https:\/\/archive.sana.sy\/es\/index.php?rest_route=%2Fwp%2Fv2%2Fmedia&parent=72098"}],"wp:term":[{"taxonomy":"category","embeddable":true,"href":"https:\/\/archive.sana.sy\/es\/index.php?rest_route=%2Fwp%2Fv2%2Fcategories&post=72098"},{"taxonomy":"post_tag","embeddable":true,"href":"https:\/\/archive.sana.sy\/es\/index.php?rest_route=%2Fwp%2Fv2%2Ftags&post=72098"}],"curies":[{"name":"wp","href":"https:\/\/api.w.org\/{rel}","templated":true}]}}