{"id":72107,"date":"2017-11-06T18:01:58","date_gmt":"2017-11-06T16:01:58","guid":{"rendered":"http:\/\/www.sana.sy\/es\/?p=72107"},"modified":"2017-11-06T18:01:58","modified_gmt":"2017-11-06T16:01:58","slug":"presidente-al-assad-recibe-a-intelectuales-y-escritores-de-varios-paises-arabes","status":"publish","type":"post","link":"https:\/\/archive.sana.sy\/es\/?p=72107","title":{"rendered":"Presidente al-Assad recibe a intelectuales y escritores de varios pa\u00edses \u00e1rabes"},"content":{"rendered":"<p>Damasco, SANA<\/p>\n<p>El presidente, Bashar al-Assad, se entrevist\u00f3 este lunes con una delegaci\u00f3n de intelectuales y escritores \u00e1rabes que participaron en la Conferencia \u201cla Realidad \u00c1rabe despu\u00e9s de 100 a\u00f1os de la Promesa Balfour\u201d, evento que se desarroll\u00f3 en la capital Damasco el s\u00e1bado y el domingo pasados.<\/p>\n<p>El encuentro gir\u00f3 en torno a los aspectos de la guerra terrorista que sufre Siria, especialmente el aspecto relativo a la identidad y pertenencia, el cual se considera como el m\u00e1s peligroso aspecto de esta guerra por representar una amenaza a la existencia de toda la naci\u00f3n \u00e1rabe.<\/p>\n<p>El mandatario sirio se\u00f1al\u00f3 que lo que sufre Siria hoy en d\u00eda es una extensi\u00f3n de lo que ha sufrido la naci\u00f3n \u00e1rabe a lo largo de 100 a\u00f1os de intentos de invasi\u00f3n intelectual e ideol\u00f3gica, y tergiversaci\u00f3n del concepto de la identidad, enfatizando la necesidad de aferrarse a la identidad real de la regi\u00f3n, basada en la diversidad hegemon\u00e9a a nivel cultural y de civilizaci\u00f3n, puesto que la falta de esta diversidad puede contribuir a crear un ambiente adecuado para la propagaci\u00f3n del pensamiento extremista que alimenta el terrorismo.<\/p>\n<p>Destac\u00f3 la importancia del papel de los intelectuales en trabajar para que el pensamiento pan\u00e1rabe no se limite a la pol\u00edtica, teor\u00edas de partidos o el di\u00e1logo del \u00e9lite, sino que se transforme a un concepto civilizado y una pr\u00e1ctica social que refuerce el principio de la pertenencia e identidad entre las filas de los j\u00f3venes y las nuevas generaciones.<\/p>\n<p>Por su parte, los participantes expresaron su convicci\u00f3n de que la victoria de Siria, tanto pueblo como ej\u00e9rcito y liderazgo, es una victoria para todas las masas \u00e1rabes que seguir\u00e1n considerando a Siria como el l\u00edder del proyecto nacional pan\u00e1rabe y un ejemplo de un renacimiento \u00e1rabe real que allana el camino hacia la recuperaci\u00f3n de los derechos usurpados.<\/p>\n<p>L. A.<\/p>\n","protected":false},"excerpt":{"rendered":"<p>Damasco, SANA El presidente, Bashar al-Assad, se entrevist\u00f3 este lunes con una delegaci\u00f3n de intelectuales y escritores \u00e1rabes que participaron en la Conferencia \u201cla Realidad \u00c1rabe despu\u00e9s de 100 a\u00f1os de la Promesa Balfour\u201d, evento que se desarroll\u00f3 en la capital Damasco el s\u00e1bado y el domingo pasados. El encuentro gir\u00f3 en torno a los &hellip;<\/p>\n","protected":false},"author":1,"featured_media":72108,"comment_status":"closed","ping_status":"closed","sticky":false,"template":"","format":"standard","meta":{"footnotes":""},"categories":[583,626],"tags":[],"class_list":["post-72107","post","type-post","status-publish","format-standard","has-post-thumbnail","","category-slide","category-sr-presidente"],"_links":{"self":[{"href":"https:\/\/archive.sana.sy\/es\/index.php?rest_route=\/wp\/v2\/posts\/72107"}],"collection":[{"href":"https:\/\/archive.sana.sy\/es\/index.php?rest_route=\/wp\/v2\/posts"}],"about":[{"href":"https:\/\/archive.sana.sy\/es\/index.php?rest_route=\/wp\/v2\/types\/post"}],"author":[{"embeddable":true,"href":"https:\/\/archive.sana.sy\/es\/index.php?rest_route=\/wp\/v2\/users\/1"}],"replies":[{"embeddable":true,"href":"https:\/\/archive.sana.sy\/es\/index.php?rest_route=%2Fwp%2Fv2%2Fcomments&post=72107"}],"version-history":[{"count":0,"href":"https:\/\/archive.sana.sy\/es\/index.php?rest_route=\/wp\/v2\/posts\/72107\/revisions"}],"wp:featuredmedia":[{"embeddable":true,"href":"https:\/\/archive.sana.sy\/es\/index.php?rest_route=\/wp\/v2\/media\/72108"}],"wp:attachment":[{"href":"https:\/\/archive.sana.sy\/es\/index.php?rest_route=%2Fwp%2Fv2%2Fmedia&parent=72107"}],"wp:term":[{"taxonomy":"category","embeddable":true,"href":"https:\/\/archive.sana.sy\/es\/index.php?rest_route=%2Fwp%2Fv2%2Fcategories&post=72107"},{"taxonomy":"post_tag","embeddable":true,"href":"https:\/\/archive.sana.sy\/es\/index.php?rest_route=%2Fwp%2Fv2%2Ftags&post=72107"}],"curies":[{"name":"wp","href":"https:\/\/api.w.org\/{rel}","templated":true}]}}