{"id":7217,"date":"2014-08-16T22:05:55","date_gmt":"2014-08-16T19:05:55","guid":{"rendered":"http:\/\/www.sana.sy\/es\/?p=7217"},"modified":"2014-08-16T22:55:59","modified_gmt":"2014-08-16T19:55:59","slug":"analistas-rusos-los-actos-terroristas-en-siria-e-irak-se-planifican-con-antelacion-y-con-el-apoyo-de-paises-occidentales-y-regionales","status":"publish","type":"post","link":"https:\/\/archive.sana.sy\/es\/?p=7217","title":{"rendered":"Analistas rusos: \u201clos actos terroristas en Siria e Irak se planifican con antelaci\u00f3n y con el apoyo de pa\u00edses occidentales y regionales\u201d"},"content":{"rendered":"<p style=\"text-align: justify\"><span style=\"color: #800000\">Mosc\u00fa, SANA<\/span><\/p>\n<p style=\"text-align: justify\">Analistas pol\u00edticos rusos y representantes yazidis en La Federaci\u00f3n de Rusia consideraron que la organizaci\u00f3n terrorista llamada &#8220;Estado de Irak y el Levante&#8221; est\u00e1 cometiendo un genocidio en Irak y Siria, en forma de asesinatos y secuestros de cientos de residentes, muchos de los cuales son expulsados de sus hogares, causando as\u00ed una cat\u00e1strofe humanitaria.<\/p>\n<p style=\"text-align: justify\">Los participantes en una conferencia de prensa celebrada hoy en Mosc\u00fa, dedicada al an\u00e1lisis de la situaci\u00f3n y revelar las causas que llevaron a estos tr\u00e1gicos acontecimientos confirmaron que los ataques contra la poblaci\u00f3n civil y la destrucci\u00f3n de la infraestructura en estos pa\u00edses, indica la presencia de un plan pre-elaborado bajo los auspicios de pa\u00edses regionales y occidentales para desestabilizar la situaci\u00f3n en Irak, Siria y la regi\u00f3n en general, llegando a las \u00e1reas adyacentes a las fronteras de Rusia.<\/p>\n<p style=\"text-align: justify\">Tambi\u00e9n se\u00f1alaron que las organizaciones terroristas extremistas cometieron terribles cr\u00edmenes contra soldados y civiles, as\u00ed como matanzas de miembros de las minor\u00edas religiosas y \u00e9tnicas.<\/p>\n<p style=\"text-align: justify\">Asimismo, confirmaron que estas organizaciones terroristas cometieron durante m\u00e1s de 3 a\u00f1os en Siria cr\u00edmenes b\u00e1rbaros, yson procedentes de diferentes pa\u00edses del mundo, incluidos los pa\u00edses de la antigua Uni\u00f3n Sovi\u00e9tica, donde han podido penetrar con facilidad en la frontera que separa Siria e Irak, sin mostrarse ninguna reacci\u00f3n al respecto de parte de Estados Unidos y los pa\u00edses occidentales.<\/p>\n<p style=\"text-align: justify\">Tal hecho confirma que si no fuera por el apoyo prestado por determinados pa\u00edses o si no fuera por la financiaci\u00f3n de estas organizaciones con armas y dinero, no habr\u00edan llegado a entrar en los territorios de Siria e Irak, y trasladarse libremente sin ning\u00fan obst\u00e1culo.<\/p>\n<p style=\"text-align: justify\">Los conferencistas convocaron a proporcionar ayuda a los yazidis, que est\u00e1n siendo asesinados por la organizaci\u00f3n terrorista &#8220;Estado de Irak y el Levante&#8221;, confirmando que no se debe dejarlos presa de los terribles cr\u00edmenes, as\u00ed pues si no se acelera el procesos de ayuda, entonces pueden esperar una muerte en las monta\u00f1as sin agua potable, alimentos o medicamentos.<\/p>\n<p style=\"text-align: justify\">\n<p style=\"text-align: justify\"><a href=\"http:\/\/www.sana.sy\/es\/wp-content\/uploads\/2014\/08\/117.jpg\"><img loading=\"lazy\" decoding=\"async\" class=\"alignleft wp-image-7218 \" src=\"http:\/\/www.sana.sy\/es\/wp-content\/uploads\/2014\/08\/117.jpg\" alt=\"1\" width=\"219\" height=\"159\" \/><\/a><\/p>\n<p style=\"text-align: justify\">\n<p style=\"text-align: justify\"><a href=\"http:\/\/www.sana.sy\/es\/wp-content\/uploads\/2014\/08\/29.jpg\"><img loading=\"lazy\" decoding=\"async\" class=\"alignright wp-image-7219 \" src=\"http:\/\/www.sana.sy\/es\/wp-content\/uploads\/2014\/08\/29.jpg\" alt=\"2\" width=\"242\" height=\"172\" \/><\/a><\/p>\n<p style=\"text-align: justify\">\n<p style=\"text-align: justify\">\n<p style=\"text-align: justify\">\n<p style=\"text-align: justify\">\n<p style=\"text-align: justify\">\n<p style=\"text-align: justify\">\n<p style=\"text-align: justify\">\n<p style=\"text-align: justify\"><a href=\"http:\/\/www.sana.sy\/es\/wp-content\/uploads\/2014\/08\/37.jpg\"><img loading=\"lazy\" decoding=\"async\" class=\"aligncenter wp-image-7220 size-full\" src=\"http:\/\/www.sana.sy\/es\/wp-content\/uploads\/2014\/08\/37.jpg\" alt=\"3\" width=\"300\" height=\"159\" srcset=\"https:\/\/archive.sana.sy\/es\/wp-content\/uploads\/2014\/08\/37.jpg 300w, https:\/\/archive.sana.sy\/es\/wp-content\/uploads\/2014\/08\/37-150x79.jpg 150w\" sizes=\"(max-width: 300px) 100vw, 300px\" \/><\/a><\/p>\n<p style=\"text-align: justify\">\n<p style=\"text-align: justify\"><span style=\"color: #0000ff\">Ghifar Al., Riyad Sh.<\/span><\/p>\n","protected":false},"excerpt":{"rendered":"<p>Mosc\u00fa, SANA Analistas pol\u00edticos rusos y representantes yazidis en La Federaci\u00f3n de Rusia consideraron que la organizaci\u00f3n terrorista llamada &#8220;Estado de Irak y el Levante&#8221; est\u00e1 cometiendo un genocidio en Irak y Siria, en forma de asesinatos y secuestros de cientos de residentes, muchos de los cuales son expulsados de sus hogares, causando as\u00ed una &hellip;<\/p>\n","protected":false},"author":1,"featured_media":7221,"comment_status":"closed","ping_status":"closed","sticky":false,"template":"","format":"standard","meta":{"footnotes":""},"categories":[597,456,457,576],"tags":[1654],"class_list":["post-7217","post","type-post","status-publish","format-standard","has-post-thumbnail","","category-cinta-de-noticias","category-arabe-internacional-politica","category-noticias-arabe-internacional-politica","category-noticias-politicas","tag-analistas-rusos-los-actos-terroristas-en-siria-e-irak-se-planifican-con-antelacion-y-con-el-apoyo-de-paises-occidentales-y-regionales"],"_links":{"self":[{"href":"https:\/\/archive.sana.sy\/es\/index.php?rest_route=\/wp\/v2\/posts\/7217"}],"collection":[{"href":"https:\/\/archive.sana.sy\/es\/index.php?rest_route=\/wp\/v2\/posts"}],"about":[{"href":"https:\/\/archive.sana.sy\/es\/index.php?rest_route=\/wp\/v2\/types\/post"}],"author":[{"embeddable":true,"href":"https:\/\/archive.sana.sy\/es\/index.php?rest_route=\/wp\/v2\/users\/1"}],"replies":[{"embeddable":true,"href":"https:\/\/archive.sana.sy\/es\/index.php?rest_route=%2Fwp%2Fv2%2Fcomments&post=7217"}],"version-history":[{"count":0,"href":"https:\/\/archive.sana.sy\/es\/index.php?rest_route=\/wp\/v2\/posts\/7217\/revisions"}],"wp:featuredmedia":[{"embeddable":true,"href":"https:\/\/archive.sana.sy\/es\/index.php?rest_route=\/wp\/v2\/media\/7221"}],"wp:attachment":[{"href":"https:\/\/archive.sana.sy\/es\/index.php?rest_route=%2Fwp%2Fv2%2Fmedia&parent=7217"}],"wp:term":[{"taxonomy":"category","embeddable":true,"href":"https:\/\/archive.sana.sy\/es\/index.php?rest_route=%2Fwp%2Fv2%2Fcategories&post=7217"},{"taxonomy":"post_tag","embeddable":true,"href":"https:\/\/archive.sana.sy\/es\/index.php?rest_route=%2Fwp%2Fv2%2Ftags&post=7217"}],"curies":[{"name":"wp","href":"https:\/\/api.w.org\/{rel}","templated":true}]}}