{"id":72219,"date":"2017-11-08T07:49:21","date_gmt":"2017-11-08T05:49:21","guid":{"rendered":"http:\/\/www.sana.sy\/es\/?p=72219"},"modified":"2023-01-10T15:10:42","modified_gmt":"2023-01-10T13:10:42","slug":"la-temporada-de-cosecha-de-aceitunas-en-el-pueblo-de-tleel-en-el-campo-de-homs-temporada-de-mieses-y-reunion-de-las-familias","status":"publish","type":"post","link":"https:\/\/archive.sana.sy\/es\/?p=72219","title":{"rendered":"La temporada de cosecha de aceitunas en el pueblo de Tleel en el campo de Homs&#8230; temporada de mieses y reuni\u00f3n de las familias"},"content":{"rendered":"<p><span style=\"color: #800000;\">Homs- SANA<\/span><\/p>\n<p>En medio de un ambiente festivo de canciones folcl\u00f3ricas comenz\u00f3 ya la temporada de cosecha de aceitunas en el pueblo de Tleel, en el campo de Homs, una temporada que los agricultores esperan con pasi\u00f3n donde la oliva representan un afluente fundamental de su vida, y se caracteriza por una calidad excepcional, generando buenos ingresos a los agricultores lo cual les ayuda a asegurar sus necesidades b\u00e1sicas.<\/p>\n<p>El alcalde menor del pueblo Bassam Otman dice que \u201cTleel dista unos 18 km de la ciudad de Homs hacia el noroeste en la carretera hacia Mesiaf, y cuenta con una poblaci\u00f3n de 600 habitantes, es famoso por el cultivo de oliva, pues tiene m\u00e1s de 30 mil plantas.<\/p>\n<p>Los vecinos del pueblo se ayudan mutuamente en la temporada de cosecha de aceitunas y recomiendan a las nuevas generaciones mantener estas costumbres llenas de colaboraci\u00f3n, amor y alegr\u00eda.<\/p>\n<p><img decoding=\"async\" src=\"http:\/\/www.sana.sy\/wp-content\/uploads\/2017\/11\/456-300x168.jpg\" \/><\/p>\n<p>El olivo en Siria se considera una marca distintiva para casi todas las regiones sirias, a\u00f1\u00e1dale que la temporada de cosecha es un evento muy importante en el pa\u00eds especialmente para los agricultores, tambi\u00e9n una temporada para la reuni\u00f3n de las familias en sus pueblos y revivir el patrimonio y los ritos populares de alegr\u00eda.<\/p>\n<p><span style=\"color: #0000ff;\">Dr. A. Shaban<\/span><\/p>\n","protected":false},"excerpt":{"rendered":"<p>Homs- SANA En medio de un ambiente festivo de canciones folcl\u00f3ricas comenz\u00f3 ya la temporada de cosecha de aceitunas en el pueblo de Tleel, en el campo de Homs, una temporada que los agricultores esperan con pasi\u00f3n donde la oliva representan un afluente fundamental de su vida, y se caracteriza por una calidad excepcional, generando &hellip;<\/p>\n","protected":false},"author":1,"featured_media":72220,"comment_status":"closed","ping_status":"closed","sticky":false,"template":"","format":"standard","meta":{"footnotes":""},"categories":[597,485,476,583,7541],"tags":[10995],"class_list":["post-72219","post","type-post","status-publish","format-standard","has-post-thumbnail","","category-cinta-de-noticias","category-informes-negocios-y-finanzas","category-locales","category-slide","category-ultimas-noticias","tag-la-temporada-de-cosecha-de-aceitunas-en-el-pueblo-de-tleel-en-el-campo-de-homs-temporada-de-mieses-y-reunion-de-las-familias"],"_links":{"self":[{"href":"https:\/\/archive.sana.sy\/es\/index.php?rest_route=\/wp\/v2\/posts\/72219"}],"collection":[{"href":"https:\/\/archive.sana.sy\/es\/index.php?rest_route=\/wp\/v2\/posts"}],"about":[{"href":"https:\/\/archive.sana.sy\/es\/index.php?rest_route=\/wp\/v2\/types\/post"}],"author":[{"embeddable":true,"href":"https:\/\/archive.sana.sy\/es\/index.php?rest_route=\/wp\/v2\/users\/1"}],"replies":[{"embeddable":true,"href":"https:\/\/archive.sana.sy\/es\/index.php?rest_route=%2Fwp%2Fv2%2Fcomments&post=72219"}],"version-history":[{"count":0,"href":"https:\/\/archive.sana.sy\/es\/index.php?rest_route=\/wp\/v2\/posts\/72219\/revisions"}],"wp:featuredmedia":[{"embeddable":true,"href":"https:\/\/archive.sana.sy\/es\/index.php?rest_route=\/wp\/v2\/media\/72220"}],"wp:attachment":[{"href":"https:\/\/archive.sana.sy\/es\/index.php?rest_route=%2Fwp%2Fv2%2Fmedia&parent=72219"}],"wp:term":[{"taxonomy":"category","embeddable":true,"href":"https:\/\/archive.sana.sy\/es\/index.php?rest_route=%2Fwp%2Fv2%2Fcategories&post=72219"},{"taxonomy":"post_tag","embeddable":true,"href":"https:\/\/archive.sana.sy\/es\/index.php?rest_route=%2Fwp%2Fv2%2Ftags&post=72219"}],"curies":[{"name":"wp","href":"https:\/\/api.w.org\/{rel}","templated":true}]}}