{"id":7227,"date":"2014-08-16T22:51:27","date_gmt":"2014-08-16T19:51:27","guid":{"rendered":"http:\/\/www.sana.sy\/es\/?p=7227"},"modified":"2014-08-16T22:51:27","modified_gmt":"2014-08-16T19:51:27","slug":"la-seleccion-nacional-de-gimnasia-de-la-categoria-juvenil-continua-su-campamento-de-entrenamiento","status":"publish","type":"post","link":"https:\/\/archive.sana.sy\/es\/?p=7227","title":{"rendered":"La selecci\u00f3n nacional de gimnasia de la categor\u00eda juvenil contin\u00faa su campamento de entrenamiento"},"content":{"rendered":"<p style=\"text-align: justify\"><span style=\"color: #800000\">Damasco, SANA<\/span><\/p>\n<p style=\"text-align: justify\">Nuestra selecci\u00f3n nacional de gimnasia para la categor\u00eda juvenil contin\u00faa su campamento de entrenamiento, que comenz\u00f3 en las \u00faltimas semanas en la sala de gimnasia en la Ciudad Deportiva de de Al-Fayhaa en preparaci\u00f3n para su participaci\u00f3n en el ciclo internacional Fornen organizada por Rusia en diciembre pr\u00f3ximo.<\/p>\n<p style=\"text-align: justify\">El campamento tiene una duraci\u00f3n hasta la fecha de 30 de septiembre donde ser\u00e1 se extendido hasta el comienzo del torneo, en caso de aprobaci\u00f3n de la participaci\u00f3n.<\/p>\n<p style=\"text-align: justify\"><span style=\"color: #0000ff\">Ghifar Al.<\/span><\/p>\n<p style=\"text-align: justify\">\n","protected":false},"excerpt":{"rendered":"<p>Damasco, SANA Nuestra selecci\u00f3n nacional de gimnasia para la categor\u00eda juvenil contin\u00faa su campamento de entrenamiento, que comenz\u00f3 en las \u00faltimas semanas en la sala de gimnasia en la Ciudad Deportiva de de Al-Fayhaa en preparaci\u00f3n para su participaci\u00f3n en el ciclo internacional Fornen organizada por Rusia en diciembre pr\u00f3ximo. El campamento tiene una duraci\u00f3n &hellip;<\/p>\n","protected":false},"author":1,"featured_media":7228,"comment_status":"closed","ping_status":"closed","sticky":false,"template":"","format":"standard","meta":{"footnotes":""},"categories":[597,494],"tags":[1656],"class_list":["post-7227","post","type-post","status-publish","format-standard","has-post-thumbnail","","category-cinta-de-noticias","category-deportes","tag-la-seleccion-nacional-de-gimnasia-de-la-categoria-juvenil-continua-su-campamento-de-entrenamiento"],"_links":{"self":[{"href":"https:\/\/archive.sana.sy\/es\/index.php?rest_route=\/wp\/v2\/posts\/7227"}],"collection":[{"href":"https:\/\/archive.sana.sy\/es\/index.php?rest_route=\/wp\/v2\/posts"}],"about":[{"href":"https:\/\/archive.sana.sy\/es\/index.php?rest_route=\/wp\/v2\/types\/post"}],"author":[{"embeddable":true,"href":"https:\/\/archive.sana.sy\/es\/index.php?rest_route=\/wp\/v2\/users\/1"}],"replies":[{"embeddable":true,"href":"https:\/\/archive.sana.sy\/es\/index.php?rest_route=%2Fwp%2Fv2%2Fcomments&post=7227"}],"version-history":[{"count":0,"href":"https:\/\/archive.sana.sy\/es\/index.php?rest_route=\/wp\/v2\/posts\/7227\/revisions"}],"wp:featuredmedia":[{"embeddable":true,"href":"https:\/\/archive.sana.sy\/es\/index.php?rest_route=\/wp\/v2\/media\/7228"}],"wp:attachment":[{"href":"https:\/\/archive.sana.sy\/es\/index.php?rest_route=%2Fwp%2Fv2%2Fmedia&parent=7227"}],"wp:term":[{"taxonomy":"category","embeddable":true,"href":"https:\/\/archive.sana.sy\/es\/index.php?rest_route=%2Fwp%2Fv2%2Fcategories&post=7227"},{"taxonomy":"post_tag","embeddable":true,"href":"https:\/\/archive.sana.sy\/es\/index.php?rest_route=%2Fwp%2Fv2%2Ftags&post=7227"}],"curies":[{"name":"wp","href":"https:\/\/api.w.org\/{rel}","templated":true}]}}