{"id":72308,"date":"2017-11-10T16:58:08","date_gmt":"2017-11-10T14:58:08","guid":{"rendered":"http:\/\/sana.sy\/es\/?p=72308"},"modified":"2017-11-10T17:01:21","modified_gmt":"2017-11-10T15:01:21","slug":"icap-siria-vencera-al-terrorismo","status":"publish","type":"post","link":"https:\/\/archive.sana.sy\/es\/?p=72308","title":{"rendered":"ICAP: Siria vencer\u00e1 al terrorismo"},"content":{"rendered":"<div id=\"m_8343336290731397503yui_3_16_0_ym19_1_1510286161281_56382\"><b id=\"m_8343336290731397503yui_3_16_0_ym19_1_1510286161281_56383\"><u id=\"m_8343336290731397503yui_3_16_0_ym19_1_1510286161281_56384\"><span id=\"m_8343336290731397503yui_3_16_0_ym19_1_1510286161281_56385\" lang=\"ES\">La Habana, SANA<\/span><\/u><\/b><\/div>\n<div id=\"m_8343336290731397503yui_3_16_0_ym19_1_1510286161281_56386\"><span id=\"m_8343336290731397503yui_3_16_0_ym19_1_1510286161281_56387\" lang=\"ES\">El presidente del Instituto Cubano de Amistad con los Pueblos (ICAP), Fernando Gonz\u00e1lez Gort, dijo que la comunidad internacional debe apoyar a Siria en su guerra contra el terrorismo.<\/span><\/div>\n<div id=\"m_8343336290731397503yui_3_16_0_ym19_1_1510286161281_56388\"><span id=\"m_8343336290731397503yui_3_16_0_ym19_1_1510286161281_56389\" lang=\"ES\">Durante su reuni\u00f3n con el embajador de Siria en Cuba, Idris Mayya, Gort destac\u00f3 los sacrificios del Ej\u00e9rcito \u00c1rabe Sirio y dijo que esos sacrificios merecen el aprecio de todos los pa\u00edses y las fuerzas amantes de la paz en el mundo&#8221;.<\/span><\/div>\n<div id=\"m_8343336290731397503yui_3_16_0_ym19_1_1510286161281_56390\"><span id=\"m_8343336290731397503yui_3_16_0_ym19_1_1510286161281_56391\" lang=\"ES\">Asimismo, expres\u00f3 su confianza en la capacidad de Siria de derrotar el terrorismo y salir victoriosa y m\u00e1s fuerte que antes.<\/span><\/div>\n<div id=\"m_8343336290731397503yui_3_16_0_ym19_1_1510286161281_56392\"><span id=\"m_8343336290731397503yui_3_16_0_ym19_1_1510286161281_56393\" lang=\"ES\">Por su parte, el embajador Mayya reiter\u00f3 la determinaci\u00f3n de Siria de eliminar a los terroristas e instaurar la seguridad y estabilidad en todo el territorio sirio.<\/span><\/div>\n<div id=\"m_8343336290731397503yui_3_16_0_ym19_1_1510286161281_56394\"><span id=\"m_8343336290731397503yui_3_16_0_ym19_1_1510286161281_56395\" lang=\"ES\">El diplom\u00e1tico sirio expres\u00f3 su agradecimiento a la ICAP por las actividades y eventos que organiza en solidaridad con Siria.<\/span><\/div>\n<div class=\"yj6qo ajU\">\n<div id=\":js\" class=\"ajR\" role=\"button\"><img decoding=\"async\" class=\"ajT\" src=\"https:\/\/ssl.gstatic.com\/ui\/v1\/icons\/mail\/images\/cleardot.gif\" \/><\/div>\n<\/div>\n<div id=\"m_8343336290731397503yui_3_16_0_ym19_1_1510286161281_56471\"><\/div>\n<div id=\"m_8343336290731397503yui_3_16_0_ym19_1_1510286161281_56461\" class=\"m_8343336290731397503signature\">\n<div id=\"m_8343336290731397503yui_3_16_0_ym19_1_1510286161281_56460\"><span id=\"m_8343336290731397503yui_3_16_0_ym19_1_1510286161281_56459\" style=\"font-size: medium\"><b id=\"m_8343336290731397503yui_3_16_0_ym19_1_1510286161281_56458\"><span id=\"m_8343336290731397503yui_3_16_0_ym19_1_1510286161281_56457\" style=\"color: #0000bf\">Fady Marouf<\/span><\/b><\/span><\/div>\n<\/div>\n<p>&nbsp;<\/p>\n","protected":false},"excerpt":{"rendered":"<p>La Habana, SANA El presidente del Instituto Cubano de Amistad con los Pueblos (ICAP), Fernando Gonz\u00e1lez Gort, dijo que la comunidad internacional debe apoyar a Siria en su guerra contra el terrorismo. Durante su reuni\u00f3n con el embajador de Siria en Cuba, Idris Mayya, Gort destac\u00f3 los sacrificios del Ej\u00e9rcito \u00c1rabe Sirio y dijo que &hellip;<\/p>\n","protected":false},"author":24,"featured_media":72309,"comment_status":"closed","ping_status":"closed","sticky":false,"template":"","format":"standard","meta":{"footnotes":""},"categories":[467,583,7541],"tags":[],"class_list":["post-72308","post","type-post","status-publish","format-standard","has-post-thumbnail","","category-siria-y-el-mundo","category-slide","category-ultimas-noticias"],"_links":{"self":[{"href":"https:\/\/archive.sana.sy\/es\/index.php?rest_route=\/wp\/v2\/posts\/72308"}],"collection":[{"href":"https:\/\/archive.sana.sy\/es\/index.php?rest_route=\/wp\/v2\/posts"}],"about":[{"href":"https:\/\/archive.sana.sy\/es\/index.php?rest_route=\/wp\/v2\/types\/post"}],"author":[{"embeddable":true,"href":"https:\/\/archive.sana.sy\/es\/index.php?rest_route=\/wp\/v2\/users\/24"}],"replies":[{"embeddable":true,"href":"https:\/\/archive.sana.sy\/es\/index.php?rest_route=%2Fwp%2Fv2%2Fcomments&post=72308"}],"version-history":[{"count":0,"href":"https:\/\/archive.sana.sy\/es\/index.php?rest_route=\/wp\/v2\/posts\/72308\/revisions"}],"wp:featuredmedia":[{"embeddable":true,"href":"https:\/\/archive.sana.sy\/es\/index.php?rest_route=\/wp\/v2\/media\/72309"}],"wp:attachment":[{"href":"https:\/\/archive.sana.sy\/es\/index.php?rest_route=%2Fwp%2Fv2%2Fmedia&parent=72308"}],"wp:term":[{"taxonomy":"category","embeddable":true,"href":"https:\/\/archive.sana.sy\/es\/index.php?rest_route=%2Fwp%2Fv2%2Fcategories&post=72308"},{"taxonomy":"post_tag","embeddable":true,"href":"https:\/\/archive.sana.sy\/es\/index.php?rest_route=%2Fwp%2Fv2%2Ftags&post=72308"}],"curies":[{"name":"wp","href":"https:\/\/api.w.org\/{rel}","templated":true}]}}