{"id":72311,"date":"2017-11-10T17:06:41","date_gmt":"2017-11-10T15:06:41","guid":{"rendered":"http:\/\/sana.sy\/es\/?p=72311"},"modified":"2017-11-10T17:06:41","modified_gmt":"2017-11-10T15:06:41","slug":"maraton-en-damasco-para-apoyar-a-los-ninos-con-cancer","status":"publish","type":"post","link":"https:\/\/archive.sana.sy\/es\/?p=72311","title":{"rendered":"Marat\u00f3n en Damasco para apoyar a los ni\u00f1os con c\u00e1ncer"},"content":{"rendered":"<p><b><span lang=\"ES\">Damasco, SANA<\/span><\/b><\/p>\n<p><b><span lang=\"ES\">La asociaci\u00f3n ben\u00e9fica \u201cBassma\u201d (Sonrisa en espa\u00f1ol) organiz\u00f3 este viernes un marat\u00f3n para apoyar a los ni\u00f1os con c\u00e1ncer, el cual cont\u00f3 con la participaci\u00f3n de decenas j\u00f3venes y representantes de la Federaci\u00f3n Siria de Deporte.<\/span><\/b><\/p>\n<p><b><span lang=\"ES\">El marat\u00f3n bautizado \u201cQueremos Correr por una Sonrisa\u201d sali\u00f3 a las ocho de la ma\u00f1ana desde el Hotel Sheraton en la plaza de Umauin en Mezzeh, donde los participantes corrieron una distancia de casi cuatro kil\u00f3metros pasando por la redonda del hospital al Muwasat, al Rabwa y retomando luego el mismo lugar hotel Sheraton, donde se sumaron a actividades l\u00fadicas y art\u00edsticas.<\/span><\/b><\/p>\n<p><b><span lang=\"ES\">Esta iniciativa tiene por objetivo recolectar fondos para los ni\u00f1os que sufren del c\u00e1ncer, debido a la carest\u00eda del tratamiento, sobre todo tomando en cuenta el bloqueo econ\u00f3mico impuesto contra el pueblo sirio, se\u00f1al\u00f3 una de los organizdores del evento.<\/span><\/b><\/p>\n<p><b><span lang=\"ES\">La asociaci\u00f3n Bassmeh lanz\u00f3 en el pasado mes de febrero su primera iniciativa en el a\u00f1o actual bajo el t\u00edtulo \u201cSalvamos a la Sonrisa\u201d para recordar\u00a0 a la sociedad siria que los \u00a0ni\u00f1os con c\u00e1ncer siguen necesitando apoyo financiero y moral.<\/span><\/b><\/p>\n<p><b><span lang=\"ES\">Es de se\u00f1alar que la Asociaci\u00f3n Bassmeh fue fundada en 2006 y prest\u00f3 hasta finales de 2016 servicios m\u00e9dicos y terapia psicol\u00f3gica a 6400 ni\u00f1os.\u00a0<\/span><\/b><\/p>\n<p><b><span lang=\"ES\">Lynn A.<\/span><\/b><\/p>\n","protected":false},"excerpt":{"rendered":"<p>Damasco, SANA La asociaci\u00f3n ben\u00e9fica \u201cBassma\u201d (Sonrisa en espa\u00f1ol) organiz\u00f3 este viernes un marat\u00f3n para apoyar a los ni\u00f1os con c\u00e1ncer, el cual cont\u00f3 con la participaci\u00f3n de decenas j\u00f3venes y representantes de la Federaci\u00f3n Siria de Deporte. El marat\u00f3n bautizado \u201cQueremos Correr por una Sonrisa\u201d sali\u00f3 a las ocho de la ma\u00f1ana desde el &hellip;<\/p>\n","protected":false},"author":24,"featured_media":72312,"comment_status":"closed","ping_status":"closed","sticky":false,"template":"","format":"standard","meta":{"footnotes":""},"categories":[476,583,7541],"tags":[],"class_list":["post-72311","post","type-post","status-publish","format-standard","has-post-thumbnail","","category-locales","category-slide","category-ultimas-noticias"],"_links":{"self":[{"href":"https:\/\/archive.sana.sy\/es\/index.php?rest_route=\/wp\/v2\/posts\/72311"}],"collection":[{"href":"https:\/\/archive.sana.sy\/es\/index.php?rest_route=\/wp\/v2\/posts"}],"about":[{"href":"https:\/\/archive.sana.sy\/es\/index.php?rest_route=\/wp\/v2\/types\/post"}],"author":[{"embeddable":true,"href":"https:\/\/archive.sana.sy\/es\/index.php?rest_route=\/wp\/v2\/users\/24"}],"replies":[{"embeddable":true,"href":"https:\/\/archive.sana.sy\/es\/index.php?rest_route=%2Fwp%2Fv2%2Fcomments&post=72311"}],"version-history":[{"count":0,"href":"https:\/\/archive.sana.sy\/es\/index.php?rest_route=\/wp\/v2\/posts\/72311\/revisions"}],"wp:featuredmedia":[{"embeddable":true,"href":"https:\/\/archive.sana.sy\/es\/index.php?rest_route=\/wp\/v2\/media\/72312"}],"wp:attachment":[{"href":"https:\/\/archive.sana.sy\/es\/index.php?rest_route=%2Fwp%2Fv2%2Fmedia&parent=72311"}],"wp:term":[{"taxonomy":"category","embeddable":true,"href":"https:\/\/archive.sana.sy\/es\/index.php?rest_route=%2Fwp%2Fv2%2Fcategories&post=72311"},{"taxonomy":"post_tag","embeddable":true,"href":"https:\/\/archive.sana.sy\/es\/index.php?rest_route=%2Fwp%2Fv2%2Ftags&post=72311"}],"curies":[{"name":"wp","href":"https:\/\/api.w.org\/{rel}","templated":true}]}}