{"id":72314,"date":"2017-11-10T17:42:32","date_gmt":"2017-11-10T15:42:32","guid":{"rendered":"http:\/\/sana.sy\/es\/?p=72314"},"modified":"2017-11-10T17:42:32","modified_gmt":"2017-11-10T15:42:32","slug":"nasrala-daesh-esta-dando-su-ultimo-suspiro-gracias-a-los-logros-militares","status":"publish","type":"post","link":"https:\/\/archive.sana.sy\/es\/?p=72314","title":{"rendered":"Nasral\u00e1: Daesh est\u00e1 dando su \u00faltimo suspiro gracias a los logros militares"},"content":{"rendered":"<p>Beirut, SANA<\/p>\n<p>El Secretario General de Hezbol\u00e1, Sayed Hassan Nasral\u00e1, se\u00f1al\u00f3 que la organizaci\u00f3n terrorista de Daesh est\u00e1 dando su \u00faltimo suspiro gracias a los logros militares que se est\u00e1n realizando.<\/p>\n<p>Sayed Nasral\u00e1 destac\u00f3 que Hezbol\u00e1 est\u00e1 participando en la eliminaci\u00f3n del m\u00e1s grande complot urdido contra la regi\u00f3n y plasmado por la organizaci\u00f3n terrorista de Daesh.<\/p>\n<p>Denunci\u00f3 la flagrante injerencia de Arabia Saudita en los asuntos internos del L\u00edbano, agregando que este r\u00e9gimen pretende desestabilizar al pa\u00eds e incitar a monarqu\u00edas \u00e1rabes y a \u201cIsrael\u201d a atacarlo.<\/p>\n<p>A\u00f1adi\u00f3 que el primer ministro liban\u00e9s est\u00e1 retenido en Arabia Saudita y prohibido de regresar a su pa\u00eds, condenando al mismo tiempo los intentos saud\u00edes para sembrar el odio entre los propios libaneses.<\/p>\n<p>Lynn A,<\/p>\n","protected":false},"excerpt":{"rendered":"<p>Beirut, SANA El Secretario General de Hezbol\u00e1, Sayed Hassan Nasral\u00e1, se\u00f1al\u00f3 que la organizaci\u00f3n terrorista de Daesh est\u00e1 dando su \u00faltimo suspiro gracias a los logros militares que se est\u00e1n realizando. Sayed Nasral\u00e1 destac\u00f3 que Hezbol\u00e1 est\u00e1 participando en la eliminaci\u00f3n del m\u00e1s grande complot urdido contra la regi\u00f3n y plasmado por la organizaci\u00f3n terrorista &hellip;<\/p>\n","protected":false},"author":24,"featured_media":72315,"comment_status":"closed","ping_status":"closed","sticky":false,"template":"","format":"standard","meta":{"footnotes":""},"categories":[467,7541],"tags":[],"class_list":["post-72314","post","type-post","status-publish","format-standard","has-post-thumbnail","","category-siria-y-el-mundo","category-ultimas-noticias"],"_links":{"self":[{"href":"https:\/\/archive.sana.sy\/es\/index.php?rest_route=\/wp\/v2\/posts\/72314"}],"collection":[{"href":"https:\/\/archive.sana.sy\/es\/index.php?rest_route=\/wp\/v2\/posts"}],"about":[{"href":"https:\/\/archive.sana.sy\/es\/index.php?rest_route=\/wp\/v2\/types\/post"}],"author":[{"embeddable":true,"href":"https:\/\/archive.sana.sy\/es\/index.php?rest_route=\/wp\/v2\/users\/24"}],"replies":[{"embeddable":true,"href":"https:\/\/archive.sana.sy\/es\/index.php?rest_route=%2Fwp%2Fv2%2Fcomments&post=72314"}],"version-history":[{"count":0,"href":"https:\/\/archive.sana.sy\/es\/index.php?rest_route=\/wp\/v2\/posts\/72314\/revisions"}],"wp:featuredmedia":[{"embeddable":true,"href":"https:\/\/archive.sana.sy\/es\/index.php?rest_route=\/wp\/v2\/media\/72315"}],"wp:attachment":[{"href":"https:\/\/archive.sana.sy\/es\/index.php?rest_route=%2Fwp%2Fv2%2Fmedia&parent=72314"}],"wp:term":[{"taxonomy":"category","embeddable":true,"href":"https:\/\/archive.sana.sy\/es\/index.php?rest_route=%2Fwp%2Fv2%2Fcategories&post=72314"},{"taxonomy":"post_tag","embeddable":true,"href":"https:\/\/archive.sana.sy\/es\/index.php?rest_route=%2Fwp%2Fv2%2Ftags&post=72314"}],"curies":[{"name":"wp","href":"https:\/\/api.w.org\/{rel}","templated":true}]}}