{"id":72317,"date":"2017-11-10T20:14:53","date_gmt":"2017-11-10T18:14:53","guid":{"rendered":"http:\/\/sana.sy\/es\/?p=72317"},"modified":"2017-11-10T20:14:53","modified_gmt":"2017-11-10T18:14:53","slug":"jaafari-la-falta-de-cooperacion-israel-con-aiea-amenaza-la-seguridad-de-la-region","status":"publish","type":"post","link":"https:\/\/archive.sana.sy\/es\/?p=72317","title":{"rendered":"Jaafari: La falta de cooperaci\u00f3n (Israel) con AIEA amenaza la seguridad de la regi\u00f3n"},"content":{"rendered":"<div id=\"m_-7198572240025380728yui_3_16_0_ym19_1_1510370625517_6791\"><b id=\"m_-7198572240025380728yui_3_16_0_ym19_1_1510370625517_6792\"><u id=\"m_-7198572240025380728yui_3_16_0_ym19_1_1510370625517_6793\"><span id=\"m_-7198572240025380728yui_3_16_0_ym19_1_1510370625517_6794\" lang=\"ES\">Nueva York, SANA<\/span><\/u><\/b><\/div>\n<div id=\"m_-7198572240025380728yui_3_16_0_ym19_1_1510370625517_6795\"><span id=\"m_-7198572240025380728yui_3_16_0_ym19_1_1510370625517_6796\" lang=\"ES\">El Representante Permanente de Siria ante las Naciones Unidas, Bashar Jaafari, denunci\u00f3 el apoyo de &#8220;Israel&#8221; los terroristas del grupo extremista &#8220;Frente Al-Nousra\u201d.<\/span><\/div>\n<div id=\"m_-7198572240025380728yui_3_16_0_ym19_1_1510370625517_6797\"><span id=\"m_-7198572240025380728yui_3_16_0_ym19_1_1510370625517_6798\" lang=\"ES\">La afirmaci\u00f3n de Jaafari fue en unas palabras pronunciadas durante una sesi\u00f3n de la Asamblea General de la ONU para debatir el informe de la Agencia Internacional de Energ\u00eda At\u00f3mica (AIEA).<\/span><\/div>\n<div id=\"m_-7198572240025380728yui_3_16_0_ym19_1_1510370625517_6799\"><span id=\"m_-7198572240025380728yui_3_16_0_ym19_1_1510370625517_6800\" lang=\"ES\">El delegado sirio asegur\u00f3 que el Sionismo es un arma de destrucci\u00f3n masiva <span id=\"m_-7198572240025380728yui_3_16_0_ym19_1_1510370625517_6801\">\u00a0<\/span>que est\u00e1 propagando la violencia en toda regi\u00f3n.<\/span><\/div>\n<div id=\"m_-7198572240025380728yui_3_16_0_ym19_1_1510370625517_6802\"><span id=\"m_-7198572240025380728yui_3_16_0_ym19_1_1510370625517_6803\" lang=\"ES\">&#8220;Occidente es quien suministr\u00f3 a \u201cIsrael\u201d con la tecnolog\u00eda nuclear y trabaj\u00f3 para sacarlo del ciclo de inter\u00e9s internacional al mantener los ojos cerrados sobre la posesi\u00f3n de armas nucleares por parte de Israel&#8221;, dijo Jaafari.<\/span><\/div>\n<div id=\"m_-7198572240025380728yui_3_16_0_ym19_1_1510370625517_6804\"><span id=\"m_-7198572240025380728yui_3_16_0_ym19_1_1510370625517_6805\" lang=\"ES\">Asimismo, aclar\u00f3 que la falta de cooperaci\u00f3n de Israel con la Agencia Internacional de Energ\u00eda At\u00f3mica (AIEA) e ignorar los llamados de convertir a Medio Oriente en zona libre de las armas de destrucci\u00f3n masiva, amenaza la seguridad de la regi\u00f3n.<\/span><\/div>\n<div class=\"yj6qo ajU\">\n<div id=\":lg\" class=\"ajR\" role=\"button\"><img decoding=\"async\" class=\"ajT\" src=\"https:\/\/ssl.gstatic.com\/ui\/v1\/icons\/mail\/images\/cleardot.gif\" \/><\/div>\n<\/div>\n<div id=\"m_-7198572240025380728yui_3_16_0_ym19_1_1510370625517_6806\"><span id=\"m_-7198572240025380728yui_3_16_0_ym19_1_1510370625517_6807\" lang=\"ES\">\u00a0<\/span><\/div>\n<div><\/div>\n<div class=\"m_-7198572240025380728signature\">\n<div><span style=\"font-size: medium\"><b><span style=\"color: #0000bf\">Fady Marouf<\/span><\/b><\/span><\/div>\n<\/div>\n<p>&nbsp;<\/p>\n","protected":false},"excerpt":{"rendered":"<p>Nueva York, SANA El Representante Permanente de Siria ante las Naciones Unidas, Bashar Jaafari, denunci\u00f3 el apoyo de &#8220;Israel&#8221; los terroristas del grupo extremista &#8220;Frente Al-Nousra\u201d. La afirmaci\u00f3n de Jaafari fue en unas palabras pronunciadas durante una sesi\u00f3n de la Asamblea General de la ONU para debatir el informe de la Agencia Internacional de Energ\u00eda &hellip;<\/p>\n","protected":false},"author":24,"featured_media":72318,"comment_status":"closed","ping_status":"closed","sticky":false,"template":"","format":"standard","meta":{"footnotes":""},"categories":[467,583,7541],"tags":[],"class_list":["post-72317","post","type-post","status-publish","format-standard","has-post-thumbnail","","category-siria-y-el-mundo","category-slide","category-ultimas-noticias"],"_links":{"self":[{"href":"https:\/\/archive.sana.sy\/es\/index.php?rest_route=\/wp\/v2\/posts\/72317"}],"collection":[{"href":"https:\/\/archive.sana.sy\/es\/index.php?rest_route=\/wp\/v2\/posts"}],"about":[{"href":"https:\/\/archive.sana.sy\/es\/index.php?rest_route=\/wp\/v2\/types\/post"}],"author":[{"embeddable":true,"href":"https:\/\/archive.sana.sy\/es\/index.php?rest_route=\/wp\/v2\/users\/24"}],"replies":[{"embeddable":true,"href":"https:\/\/archive.sana.sy\/es\/index.php?rest_route=%2Fwp%2Fv2%2Fcomments&post=72317"}],"version-history":[{"count":0,"href":"https:\/\/archive.sana.sy\/es\/index.php?rest_route=\/wp\/v2\/posts\/72317\/revisions"}],"wp:featuredmedia":[{"embeddable":true,"href":"https:\/\/archive.sana.sy\/es\/index.php?rest_route=\/wp\/v2\/media\/72318"}],"wp:attachment":[{"href":"https:\/\/archive.sana.sy\/es\/index.php?rest_route=%2Fwp%2Fv2%2Fmedia&parent=72317"}],"wp:term":[{"taxonomy":"category","embeddable":true,"href":"https:\/\/archive.sana.sy\/es\/index.php?rest_route=%2Fwp%2Fv2%2Fcategories&post=72317"},{"taxonomy":"post_tag","embeddable":true,"href":"https:\/\/archive.sana.sy\/es\/index.php?rest_route=%2Fwp%2Fv2%2Ftags&post=72317"}],"curies":[{"name":"wp","href":"https:\/\/api.w.org\/{rel}","templated":true}]}}