{"id":72320,"date":"2017-11-11T13:41:55","date_gmt":"2017-11-11T11:41:55","guid":{"rendered":"http:\/\/sana.sy\/es\/?p=72320"},"modified":"2017-11-11T13:41:55","modified_gmt":"2017-11-11T11:41:55","slug":"parlamentarios-sirios-participan-en-una-sesion-de-la-duma-estatal-en-moscu","status":"publish","type":"post","link":"https:\/\/archive.sana.sy\/es\/?p=72320","title":{"rendered":"Parlamentarios sirios participan en una sesi\u00f3n de la Duma Estatal en Mosc\u00fa"},"content":{"rendered":"<p><b><span lang=\"ES\">Mos<\/span><\/b><b><span lang=\"ES\">c<\/span><\/b><b><span lang=\"ES\">\u00fa, SANA<\/span><\/b><\/p>\n<p><b><span lang=\"ES\">Una delegaci\u00f3n de la Asamblea del Pueblo de Siria, presidida por Osama Mustada, jefe del Grupo de Amistad Parlamentario Sirio Ruso, asisti\u00f3 ayer el vienes a una sesi\u00f3n del Consejo de la Duma Estatal en Mosc\u00fa.<\/span><\/b><\/p>\n<p><b><span lang=\"ES\">El vicepresidente de la Duma, Iv\u00e1n Melnikov, dio la bienvenida a la delegaci\u00f3n parlamentaria siria, y expres\u00f3 en nombre de todos los miembros del Conejo el alto aprecio hacia las relaciones s\u00f3lidas que unen Siria y Rusia en todos los \u00e1mbitos.<\/span><\/b><b><\/b><\/p>\n<p><b><span lang=\"ES\">La delegaci\u00f3n parlamentaria sostuvo tambi\u00e9n una reuni\u00f3n en la Duma rusa con una delegaci\u00f3n parlamentaria por el partido de la Rusia Unida, encabezada por Dimitri Sablin. Durante la reuni\u00f3n ambas partes abordaron las v\u00eda de impulsar la labor conjunta mediante la diplomacia parlamentaria para elevar el nivel de las relaciones binacionales.<\/span><\/b><\/p>\n<p><b><span lang=\"ES\">Sablin aludi\u00f3 a los cinco encuentros con los parlamentarios sirios y a los logros alcanzados en diferentes campos , sobre todo los preparativos del proceso de reconstrucci\u00f3n y la cooperaci\u00f3n humanitaria.<\/span><\/b><b><\/b><\/p>\n<p><b><span lang=\"ES\">Asimismo agradeci\u00f3 a los parlamentarios sirios por haberse reunido con los familiares de los soldados rusos que perdieron su vida en Siria, agregando este gesto tuvo un gran impacto en estas familias que lo consideraron como un reconocimiento y homenaje a sus seres queridos quienes sacrificaron su vida para liberar al territorio sirio del terrorismo.<\/span><\/b><\/p>\n<p><b><span lang=\"ES\">Los parlamentarios rusos destacaron la importancia de vencer al terrorismo y acelerar el proceso de reconstrucci\u00f3n para normalizar la vida en Siria, expresando su plena disposici\u00f3n de hacer todo lo posible para ayudar a Siria para que salga de su crisis.<\/span><\/b><\/p>\n<p><b><span lang=\"ES\">El jefe de la delegaci\u00f3n siria agradeci\u00f3 a Rusia, tanto pueblo como liderazgo, por sus posturas pol\u00edticas, militares y diplom\u00e1ticas en defensa de la soberan\u00eda, independencia e integridad territorial de Siria.<\/span><\/b><\/p>\n<p><b><span lang=\"ES\">En declaraciones concedidas a la prensa tras la reuni\u00f3n, Sablin se\u00f1al\u00f3 que este encuentro con los parlamentarios sirios no se trata del primero, y se considera como una continuaci\u00f3n del di\u00e1logo sirio ruso no solamente sobre las victorias militares sino tambi\u00e9n sobre los esfuerzos de reconstrucci\u00f3n y reconciliaci\u00f3n.<\/span><\/b><\/p>\n<p><b><span lang=\"ES\">De igual manera, Mustafa declar\u00f3 que la reuni\u00f3n gir\u00f3 en torno a varios temas relacionados con la reconstrucci\u00f3n de Siria.<\/span><\/b><\/p>\n<p><b><span lang=\"ES\">El jueves, la delegaci\u00f3n parlamentaria siria se reuni\u00f3 con los familiares de los m\u00e1rtires rusos en Siria, una iniciativa que fue organizada por la asociaci\u00f3n rusa \u201cla Hermandad en el Combate\u201d.<\/span><\/b><b><span lang=\"ES\"><br \/>\n<\/span><\/b><\/p>\n<p><b><span lang=\"ES\">El embajador de Siria ante Mosc\u00fa, Riad Haddad, expres\u00f3 los sentimientos de orgullo hacia los h\u00e9roes rusos quienes hicieron frente al terrorismo transfronterizo, afirmando que el pueblo sirio se vengar\u00e1 por su muerte y echar\u00e1 a los terroristas del territorio sirio.<\/span><\/b><\/p>\n<p><b><span lang=\"ES\">La sangre de estos h\u00e9roes fue derramada no solamente para defender a Siria sino tambi\u00e9n para defender a Rusia, dijo Haddad, enfatizando las heroicidades de los soldados rusos, entre ellos el teniente h\u00e9roe Alexader Brokharinko, quien fue asediado en la ciudad de Palmira y pidi\u00f3 a la aviaci\u00f3n rusa bombardear el sitio donde se encontraba para acabar con los terroristas de Daesh que le acorralaban y no caer en sus manos.<br \/>\n<\/span><\/b><\/p>\n<p><b><span lang=\"ES\">Lynn A.<\/span><\/b><\/p>\n","protected":false},"excerpt":{"rendered":"<p>Mosc\u00fa, SANA Una delegaci\u00f3n de la Asamblea del Pueblo de Siria, presidida por Osama Mustada, jefe del Grupo de Amistad Parlamentario Sirio Ruso, asisti\u00f3 ayer el vienes a una sesi\u00f3n del Consejo de la Duma Estatal en Mosc\u00fa. El vicepresidente de la Duma, Iv\u00e1n Melnikov, dio la bienvenida a la delegaci\u00f3n parlamentaria siria, y expres\u00f3 &hellip;<\/p>\n","protected":false},"author":24,"featured_media":72321,"comment_status":"closed","ping_status":"closed","sticky":false,"template":"","format":"standard","meta":{"footnotes":""},"categories":[467,583,7541],"tags":[],"class_list":["post-72320","post","type-post","status-publish","format-standard","has-post-thumbnail","","category-siria-y-el-mundo","category-slide","category-ultimas-noticias"],"_links":{"self":[{"href":"https:\/\/archive.sana.sy\/es\/index.php?rest_route=\/wp\/v2\/posts\/72320"}],"collection":[{"href":"https:\/\/archive.sana.sy\/es\/index.php?rest_route=\/wp\/v2\/posts"}],"about":[{"href":"https:\/\/archive.sana.sy\/es\/index.php?rest_route=\/wp\/v2\/types\/post"}],"author":[{"embeddable":true,"href":"https:\/\/archive.sana.sy\/es\/index.php?rest_route=\/wp\/v2\/users\/24"}],"replies":[{"embeddable":true,"href":"https:\/\/archive.sana.sy\/es\/index.php?rest_route=%2Fwp%2Fv2%2Fcomments&post=72320"}],"version-history":[{"count":0,"href":"https:\/\/archive.sana.sy\/es\/index.php?rest_route=\/wp\/v2\/posts\/72320\/revisions"}],"wp:featuredmedia":[{"embeddable":true,"href":"https:\/\/archive.sana.sy\/es\/index.php?rest_route=\/wp\/v2\/media\/72321"}],"wp:attachment":[{"href":"https:\/\/archive.sana.sy\/es\/index.php?rest_route=%2Fwp%2Fv2%2Fmedia&parent=72320"}],"wp:term":[{"taxonomy":"category","embeddable":true,"href":"https:\/\/archive.sana.sy\/es\/index.php?rest_route=%2Fwp%2Fv2%2Fcategories&post=72320"},{"taxonomy":"post_tag","embeddable":true,"href":"https:\/\/archive.sana.sy\/es\/index.php?rest_route=%2Fwp%2Fv2%2Ftags&post=72320"}],"curies":[{"name":"wp","href":"https:\/\/api.w.org\/{rel}","templated":true}]}}