{"id":72323,"date":"2017-11-11T13:44:55","date_gmt":"2017-11-11T11:44:55","guid":{"rendered":"http:\/\/sana.sy\/es\/?p=72323"},"modified":"2017-11-11T13:44:55","modified_gmt":"2017-11-11T11:44:55","slug":"rusia-y-eeuu-destacan-necesidad-de-mantener-integridad-territorial-y-soberania-de-siria","status":"publish","type":"post","link":"https:\/\/archive.sana.sy\/es\/?p=72323","title":{"rendered":"Rusia y EEUU destacan necesidad de mantener integridad territorial y soberan\u00eda de Siria"},"content":{"rendered":"<p><b><span lang=\"ES\">Vietnam, SANA<\/span><\/b><\/p>\n<p><b><span lang=\"ES\">Los mandatarios de Rusia y EEUU, Vladimir Putin y Donald Trump, adoptaron este s\u00e1bado una declaraci\u00f3n conjunta sobre la crisis en Siria.<\/span><\/b><\/p>\n<p><b><span lang=\"ES\">En la declaraci\u00f3n que fue emitida al margen de la cumbre del Foro de Cooperaci\u00f3n Econ\u00f3mica Asia Pac\u00edfico (APEC) celebrada en Vietnam, Rusia y EEUU reiteraron su compromiso con la soberan\u00eda, independencia, integridad territorial, seguridad regional, y car\u00e1cter laico de Siria conforme a la resoluci\u00f3n del Consejo de Seguridad de la ONU No. 2254.<\/span><\/b><\/p>\n<p><b><span lang=\"ES\">Asimismo dirigieron un llamado a los actores sirios para que participen de forma activa en el proceso pol\u00edtico en Ginebra, y apoyen a los esfuerzos destinados a garantizar el \u00e9xito del mismo.<\/span><\/b><\/p>\n<p><b><span lang=\"ES\">Confirmaron su determinaci\u00f3n de continuar los esfuerzos conjuntos hacia la derrota total de la organizaci\u00f3n terrorista de Daesh en Siria.<\/span><\/b><\/p>\n<p><b><span lang=\"ES\">Destacaron la necesidad de disminuir el sufrimiento humanitario en Siria, e invitaron a todos los miembros de la ONU a incrementar su participaci\u00f3n en la satisfacci\u00f3n de las necesidades humanitarias en los pr\u00f3ximos meses.<\/span><\/b><\/p>\n<p><b><span lang=\"ES\">Resaltaron la necesidad de mantener las zonas de distenci\u00f3n en Siria, y discutieron la implementaci\u00f3n de otra zona al sudoeste de Siria.<\/span><\/b><\/p>\n<p><b><span lang=\"ES\">En el mismo contexto, el portavoz del Kremlin, Dimitri Peskov, que la declaraci\u00f3n conjunta ha sido preparada por expertos de los dos pa\u00edses y acordada por el canciller ruso, Serguei Lavrov, y el secretario de Estado de EEUU, Rex Tillerson.<\/span><\/b><\/p>\n","protected":false},"excerpt":{"rendered":"<p>Vietnam, SANA Los mandatarios de Rusia y EEUU, Vladimir Putin y Donald Trump, adoptaron este s\u00e1bado una declaraci\u00f3n conjunta sobre la crisis en Siria. En la declaraci\u00f3n que fue emitida al margen de la cumbre del Foro de Cooperaci\u00f3n Econ\u00f3mica Asia Pac\u00edfico (APEC) celebrada en Vietnam, Rusia y EEUU reiteraron su compromiso con la soberan\u00eda, &hellip;<\/p>\n","protected":false},"author":24,"featured_media":72324,"comment_status":"closed","ping_status":"closed","sticky":false,"template":"","format":"standard","meta":{"footnotes":""},"categories":[467,583,7541],"tags":[],"class_list":["post-72323","post","type-post","status-publish","format-standard","has-post-thumbnail","","category-siria-y-el-mundo","category-slide","category-ultimas-noticias"],"_links":{"self":[{"href":"https:\/\/archive.sana.sy\/es\/index.php?rest_route=\/wp\/v2\/posts\/72323"}],"collection":[{"href":"https:\/\/archive.sana.sy\/es\/index.php?rest_route=\/wp\/v2\/posts"}],"about":[{"href":"https:\/\/archive.sana.sy\/es\/index.php?rest_route=\/wp\/v2\/types\/post"}],"author":[{"embeddable":true,"href":"https:\/\/archive.sana.sy\/es\/index.php?rest_route=\/wp\/v2\/users\/24"}],"replies":[{"embeddable":true,"href":"https:\/\/archive.sana.sy\/es\/index.php?rest_route=%2Fwp%2Fv2%2Fcomments&post=72323"}],"version-history":[{"count":0,"href":"https:\/\/archive.sana.sy\/es\/index.php?rest_route=\/wp\/v2\/posts\/72323\/revisions"}],"wp:featuredmedia":[{"embeddable":true,"href":"https:\/\/archive.sana.sy\/es\/index.php?rest_route=\/wp\/v2\/media\/72324"}],"wp:attachment":[{"href":"https:\/\/archive.sana.sy\/es\/index.php?rest_route=%2Fwp%2Fv2%2Fmedia&parent=72323"}],"wp:term":[{"taxonomy":"category","embeddable":true,"href":"https:\/\/archive.sana.sy\/es\/index.php?rest_route=%2Fwp%2Fv2%2Fcategories&post=72323"},{"taxonomy":"post_tag","embeddable":true,"href":"https:\/\/archive.sana.sy\/es\/index.php?rest_route=%2Fwp%2Fv2%2Ftags&post=72323"}],"curies":[{"name":"wp","href":"https:\/\/api.w.org\/{rel}","templated":true}]}}