{"id":72375,"date":"2017-11-12T17:48:43","date_gmt":"2017-11-12T15:48:43","guid":{"rendered":"http:\/\/www.sana.sy\/es\/?p=72375"},"modified":"2017-11-12T17:48:43","modified_gmt":"2017-11-12T15:48:43","slug":"cancilleria-siria-coalicion-internacional-obstaculiza-victorias-del-ejercito-sirio-sobre-daesh","status":"publish","type":"post","link":"https:\/\/archive.sana.sy\/es\/?p=72375","title":{"rendered":"Canciller\u00eda siria: \u201cCoalici\u00f3n Internacional\u201d obstaculiza victorias del Ej\u00e9rcito sirio sobre Daesh"},"content":{"rendered":"<p>Damasco, SANA<\/p>\n<p>La Canciller\u00eda siria conden\u00f3 en\u00e9rgicamente este domingo las masacres perpetradas por la autodenominada Coalici\u00f3n Internacional, liderada por EEUU contra los inocentes civiles sirios, y denunci\u00f3 sus consecutivas violaciones a la soberan\u00eda e integridad territorial de Siria.<\/p>\n<p>En una carta enviada al Secretario General de la ONU como al Presidente del Consejo de Seguridad al respecto, la Canciller\u00eda inform\u00f3 que la continuaci\u00f3n de los intentos desesperados de la llamada Coalici\u00f3n Internacional destinados a obstaculizar las victorias del Ej\u00e9rcito sirio y sus aliados sobre la organizaci\u00f3n terrorista de Daesh demuestra, una vez m\u00e1s, su papel sospechoso y su amenaza a los esfuerzos verdaderos orquestados a luchar contra esta organizaci\u00f3n takfiri.<\/p>\n<p>\u201cEl Gobierno de la Rep\u00fablica \u00c1rabe Siria denuncia categ\u00f3ricamente las agresiones de la \u201cCoalici\u00f3n Internacional\u201d y los cr\u00edmenes de guerra que comete esta misma contra los civiles, as\u00ed como expresa su protesta al hecho de hacer caso omiso, por varias partes que muestran supuestamente inter\u00e9s en la soberan\u00eda de la ley y los derechos humanos, a las masacres de esta coalici\u00f3n en las provincias de Raqqa y Deir Ezzor\u201d, asever\u00f3 la Canciller\u00eda, agregando que la autodistancia que mantienen algunas partes en cuanto a estos cr\u00edmenes indica que son c\u00f3mplices en las mismas.<\/p>\n<p>La Canciller\u00eda concluy\u00f3 informando que \u00a8el Gobierno sirio exige al Consejo de Seguridad de la ONU actuar de forma inmediata para poner fin a los cr\u00edmenes salvajes que comete esta alianza ileg\u00edtima contra los inocentes civiles, as\u00ed como exhorta evitar que se cometan m\u00e1s cr\u00edmenes y agresiones contra el pueblo sirio, la soberan\u00eda e integridad territorial de Siria\u00a8.<\/p>\n<p>&nbsp;<\/p>\n<p>L. A.-Y.K.<\/p>\n","protected":false},"excerpt":{"rendered":"<p>Damasco, SANA La Canciller\u00eda siria conden\u00f3 en\u00e9rgicamente este domingo las masacres perpetradas por la autodenominada Coalici\u00f3n Internacional, liderada por EEUU contra los inocentes civiles sirios, y denunci\u00f3 sus consecutivas violaciones a la soberan\u00eda e integridad territorial de Siria. En una carta enviada al Secretario General de la ONU como al Presidente del Consejo de Seguridad &hellip;<\/p>\n","protected":false},"author":1,"featured_media":72376,"comment_status":"closed","ping_status":"closed","sticky":false,"template":"","format":"standard","meta":{"footnotes":""},"categories":[477,476,583],"tags":[],"class_list":["post-72375","post","type-post","status-publish","format-standard","has-post-thumbnail","","category-noticias-edulcorantes","category-locales","category-slide"],"_links":{"self":[{"href":"https:\/\/archive.sana.sy\/es\/index.php?rest_route=\/wp\/v2\/posts\/72375"}],"collection":[{"href":"https:\/\/archive.sana.sy\/es\/index.php?rest_route=\/wp\/v2\/posts"}],"about":[{"href":"https:\/\/archive.sana.sy\/es\/index.php?rest_route=\/wp\/v2\/types\/post"}],"author":[{"embeddable":true,"href":"https:\/\/archive.sana.sy\/es\/index.php?rest_route=\/wp\/v2\/users\/1"}],"replies":[{"embeddable":true,"href":"https:\/\/archive.sana.sy\/es\/index.php?rest_route=%2Fwp%2Fv2%2Fcomments&post=72375"}],"version-history":[{"count":0,"href":"https:\/\/archive.sana.sy\/es\/index.php?rest_route=\/wp\/v2\/posts\/72375\/revisions"}],"wp:featuredmedia":[{"embeddable":true,"href":"https:\/\/archive.sana.sy\/es\/index.php?rest_route=\/wp\/v2\/media\/72376"}],"wp:attachment":[{"href":"https:\/\/archive.sana.sy\/es\/index.php?rest_route=%2Fwp%2Fv2%2Fmedia&parent=72375"}],"wp:term":[{"taxonomy":"category","embeddable":true,"href":"https:\/\/archive.sana.sy\/es\/index.php?rest_route=%2Fwp%2Fv2%2Fcategories&post=72375"},{"taxonomy":"post_tag","embeddable":true,"href":"https:\/\/archive.sana.sy\/es\/index.php?rest_route=%2Fwp%2Fv2%2Ftags&post=72375"}],"curies":[{"name":"wp","href":"https:\/\/api.w.org\/{rel}","templated":true}]}}