{"id":72851,"date":"2017-11-21T16:10:50","date_gmt":"2017-11-21T14:10:50","guid":{"rendered":"http:\/\/www.sana.sy\/es\/?p=72851"},"modified":"2017-11-21T16:10:50","modified_gmt":"2017-11-21T14:10:50","slug":"muere-un-joven-en-un-ataque-terrorista-con-proyectiles-en-la-ciudad-de-jaramana","status":"publish","type":"post","link":"https:\/\/archive.sana.sy\/es\/?p=72851","title":{"rendered":"Muere un joven en un ataque terrorista con proyectiles en la ciudad de Jaramana"},"content":{"rendered":"<p><span style=\"color: #800000\">Damasco Campo, SANA<\/span>&#8211; En una nueva violaci\u00f3n del acuerdo de zona de distensi\u00f3n, un joven perdi\u00f3 la vida en un ataque con proyectiles lanzados por grupos terroristas contra la ciudad de Jaramana, en el campo de Damasco, seg\u00fan inform\u00f3 una fuente del Comando de Polic\u00eda.<\/p>\n<p>De acuerdo con la fuente, efectivos terroristas afincados en al Ghotta Oriental atacaron la ciudad de Jaramana con un cohete, matando a un joven y causando da\u00f1os materiales en el lugar del incidente.<br \/>\nOtro proyectil cay\u00f3 en el colegio de Zaibnab Eawaz, ubicada en el barrio de Al Dwella, donde los da\u00f1os se limitaron a p\u00e9rdidas materiales, agreg\u00f3 la fuente.<\/p>\n<p>El pasado lunes, 8 personas, entre ellas un ni\u00f1o y dos jugadores de Judo, murieron y decenas resultaron heridas en ataques terroristas con proyectiles disparados contra diferentes barrios residenciales de Damasco y en el campo de Damasco.<\/p>\n<p>&nbsp;<\/p>\n<p>M\/Miri<\/p>\n","protected":false},"excerpt":{"rendered":"<p>Damasco Campo, SANA&#8211; En una nueva violaci\u00f3n del acuerdo de zona de distensi\u00f3n, un joven perdi\u00f3 la vida en un ataque con proyectiles lanzados por grupos terroristas contra la ciudad de Jaramana, en el campo de Damasco, seg\u00fan inform\u00f3 una fuente del Comando de Polic\u00eda. De acuerdo con la fuente, efectivos terroristas afincados en al &hellip;<\/p>\n","protected":false},"author":1,"featured_media":72852,"comment_status":"closed","ping_status":"closed","sticky":false,"template":"","format":"standard","meta":{"footnotes":""},"categories":[597,573,7541],"tags":[8914],"class_list":["post-72851","post","type-post","status-publish","format-standard","has-post-thumbnail","","category-cinta-de-noticias","category-la-realidad-de-los-acontecimientos-en-siria","category-ultimas-noticias","tag-ataque-terrorista"],"_links":{"self":[{"href":"https:\/\/archive.sana.sy\/es\/index.php?rest_route=\/wp\/v2\/posts\/72851"}],"collection":[{"href":"https:\/\/archive.sana.sy\/es\/index.php?rest_route=\/wp\/v2\/posts"}],"about":[{"href":"https:\/\/archive.sana.sy\/es\/index.php?rest_route=\/wp\/v2\/types\/post"}],"author":[{"embeddable":true,"href":"https:\/\/archive.sana.sy\/es\/index.php?rest_route=\/wp\/v2\/users\/1"}],"replies":[{"embeddable":true,"href":"https:\/\/archive.sana.sy\/es\/index.php?rest_route=%2Fwp%2Fv2%2Fcomments&post=72851"}],"version-history":[{"count":0,"href":"https:\/\/archive.sana.sy\/es\/index.php?rest_route=\/wp\/v2\/posts\/72851\/revisions"}],"wp:featuredmedia":[{"embeddable":true,"href":"https:\/\/archive.sana.sy\/es\/index.php?rest_route=\/wp\/v2\/media\/72852"}],"wp:attachment":[{"href":"https:\/\/archive.sana.sy\/es\/index.php?rest_route=%2Fwp%2Fv2%2Fmedia&parent=72851"}],"wp:term":[{"taxonomy":"category","embeddable":true,"href":"https:\/\/archive.sana.sy\/es\/index.php?rest_route=%2Fwp%2Fv2%2Fcategories&post=72851"},{"taxonomy":"post_tag","embeddable":true,"href":"https:\/\/archive.sana.sy\/es\/index.php?rest_route=%2Fwp%2Fv2%2Ftags&post=72851"}],"curies":[{"name":"wp","href":"https:\/\/api.w.org\/{rel}","templated":true}]}}