{"id":72857,"date":"2017-11-21T16:31:28","date_gmt":"2017-11-21T14:31:28","guid":{"rendered":"http:\/\/www.sana.sy\/es\/?p=72857"},"modified":"2017-11-21T16:31:28","modified_gmt":"2017-11-21T14:31:28","slug":"putin-la-mayoria-absoluta-del-territorio-sirio-esta-bajo-control-del-ejercito-sirio","status":"publish","type":"post","link":"https:\/\/archive.sana.sy\/es\/?p=72857","title":{"rendered":"Putin: La mayor\u00eda absoluta del territorio sirio est\u00e1 bajo control del Ej\u00e9rcito sirio"},"content":{"rendered":"<p><span style=\"color: #800000\">Sochi, SANA<\/span>&#8211; El presidente ruso, Vladimir Putin, anunci\u00f3 este martes que el Ej\u00e9rcito \u00c1rabe Sirio ha recuperado la mayor\u00eda absoluta del territorio sirio.<\/p>\n<p>En una rueda de prensa con su par checo, Milus Zeman, el mandatario ruso se\u00f1al\u00f3 que lo que qued\u00f3 de los focos terroristas pronto ser\u00e1 colapsado a manos del Ej\u00e9rcito sirio, apoyado por las fuerzas armadas rusas.<\/p>\n<p>Zeman a\u00f1adi\u00f3 que lo que vive Siria actualmente representa una victoria importante sobre el terrorismo.<\/p>\n<p>En el mismo contexto, el Jefe del Comit\u00e9 para la Defensa y Seguridad en la Duma Estatal rusa, general Vladimir Shamanov, asever\u00f3 que el futuro de Siria corresponde solamente al propio pueblo sirio, agregando que el Congreso del Di\u00e1logo Nacional Intersirio abordar\u00e1 todos los asuntos relativos a la situaci\u00f3n en Siria para \u201cdeterminar la estructura pol\u00edtica y principal en virtud de los criterios internacionales\u201d.<\/p>\n<p>Aclar\u00f3 que el Ej\u00e9rcito sirio es capaz de imponer la seguridad en el pa\u00eds despu\u00e9s de acabar con la organizaci\u00f3n terrorista de Daesh, a condici\u00f3n de que las fuerzas exteriores no intervengan, agregando que este ej\u00e9rcito ha demostrado su capacidad mediante sus logros sobre el terreno.<\/p>\n<p>&nbsp;<\/p>\n<p>Lynn\/A<\/p>\n","protected":false},"excerpt":{"rendered":"<p>Sochi, SANA&#8211; El presidente ruso, Vladimir Putin, anunci\u00f3 este martes que el Ej\u00e9rcito \u00c1rabe Sirio ha recuperado la mayor\u00eda absoluta del territorio sirio. En una rueda de prensa con su par checo, Milus Zeman, el mandatario ruso se\u00f1al\u00f3 que lo que qued\u00f3 de los focos terroristas pronto ser\u00e1 colapsado a manos del Ej\u00e9rcito sirio, apoyado &hellip;<\/p>\n","protected":false},"author":1,"featured_media":72858,"comment_status":"closed","ping_status":"closed","sticky":false,"template":"","format":"standard","meta":{"footnotes":""},"categories":[597,467,7541],"tags":[8596],"class_list":["post-72857","post","type-post","status-publish","format-standard","has-post-thumbnail","","category-cinta-de-noticias","category-siria-y-el-mundo","category-ultimas-noticias","tag-putin"],"_links":{"self":[{"href":"https:\/\/archive.sana.sy\/es\/index.php?rest_route=\/wp\/v2\/posts\/72857"}],"collection":[{"href":"https:\/\/archive.sana.sy\/es\/index.php?rest_route=\/wp\/v2\/posts"}],"about":[{"href":"https:\/\/archive.sana.sy\/es\/index.php?rest_route=\/wp\/v2\/types\/post"}],"author":[{"embeddable":true,"href":"https:\/\/archive.sana.sy\/es\/index.php?rest_route=\/wp\/v2\/users\/1"}],"replies":[{"embeddable":true,"href":"https:\/\/archive.sana.sy\/es\/index.php?rest_route=%2Fwp%2Fv2%2Fcomments&post=72857"}],"version-history":[{"count":0,"href":"https:\/\/archive.sana.sy\/es\/index.php?rest_route=\/wp\/v2\/posts\/72857\/revisions"}],"wp:featuredmedia":[{"embeddable":true,"href":"https:\/\/archive.sana.sy\/es\/index.php?rest_route=\/wp\/v2\/media\/72858"}],"wp:attachment":[{"href":"https:\/\/archive.sana.sy\/es\/index.php?rest_route=%2Fwp%2Fv2%2Fmedia&parent=72857"}],"wp:term":[{"taxonomy":"category","embeddable":true,"href":"https:\/\/archive.sana.sy\/es\/index.php?rest_route=%2Fwp%2Fv2%2Fcategories&post=72857"},{"taxonomy":"post_tag","embeddable":true,"href":"https:\/\/archive.sana.sy\/es\/index.php?rest_route=%2Fwp%2Fv2%2Ftags&post=72857"}],"curies":[{"name":"wp","href":"https:\/\/api.w.org\/{rel}","templated":true}]}}