{"id":72860,"date":"2017-11-21T16:34:17","date_gmt":"2017-11-21T14:34:17","guid":{"rendered":"http:\/\/www.sana.sy\/es\/?p=72860"},"modified":"2017-11-21T16:34:17","modified_gmt":"2017-11-21T14:34:17","slug":"guerasimov-la-derrota-total-de-los-terroristas-en-siria-es-cuestion-de-tiempo","status":"publish","type":"post","link":"https:\/\/archive.sana.sy\/es\/?p=72860","title":{"rendered":"Guer\u00e1simov: La derrota total de los terroristas en Siria es cuesti\u00f3n de tiempo"},"content":{"rendered":"<p><span style=\"color: #800000\">Mosc\u00fa, SANA<\/span> &#8211; Es imperioso consolidar los \u00e9xitos militares logrados en Siria, \u00a0declar\u00f3 el jefe del Estado Mayor General del Ej\u00e9rcito ruso, Valeri Guer\u00e1simov.<\/p>\n<p>&#8220;La derrota total de los grupos terroristas que es cuesti\u00f3n de tiempo, nos permitir\u00e1 avanzar hacia la normalizaci\u00f3n posterior al conflicto, sin embargo para ello se debe consolidar los logros militares que fueron conseguidos, e impedir el regreso de los terroristas a Siria&#8221;, dijo Guer\u00e1simov en un comunicado.<\/p>\n<p>El alto oficial ruso precis\u00f3, adem\u00e1s, que &#8220;Rusia e Ir\u00e1n hicieron mucho para resolver la crisis siria&#8221;.<\/p>\n<p>&#8220;Gracias \u00a0a nuestros esfuerzos conjuntos est\u00e1n llegando a su fin la eliminaci\u00f3n de los terroristas en el este de Siria en la zona de Abu Kamal, as\u00ed como la toma bajo control de la frontera sirio-iraqu\u00ed&#8221;, asever\u00f3 Guer\u00e1simov.<\/p>\n<p>&nbsp;<\/p>\n<p>M\/Miri<\/p>\n","protected":false},"excerpt":{"rendered":"<p>Mosc\u00fa, SANA &#8211; Es imperioso consolidar los \u00e9xitos militares logrados en Siria, \u00a0declar\u00f3 el jefe del Estado Mayor General del Ej\u00e9rcito ruso, Valeri Guer\u00e1simov. &#8220;La derrota total de los grupos terroristas que es cuesti\u00f3n de tiempo, nos permitir\u00e1 avanzar hacia la normalizaci\u00f3n posterior al conflicto, sin embargo para ello se debe consolidar los logros militares &hellip;<\/p>\n","protected":false},"author":1,"featured_media":72861,"comment_status":"closed","ping_status":"closed","sticky":false,"template":"","format":"standard","meta":{"footnotes":""},"categories":[597,456,7541],"tags":[11073],"class_list":["post-72860","post","type-post","status-publish","format-standard","has-post-thumbnail","","category-cinta-de-noticias","category-arabe-internacional-politica","category-ultimas-noticias","tag-guerasimov"],"_links":{"self":[{"href":"https:\/\/archive.sana.sy\/es\/index.php?rest_route=\/wp\/v2\/posts\/72860"}],"collection":[{"href":"https:\/\/archive.sana.sy\/es\/index.php?rest_route=\/wp\/v2\/posts"}],"about":[{"href":"https:\/\/archive.sana.sy\/es\/index.php?rest_route=\/wp\/v2\/types\/post"}],"author":[{"embeddable":true,"href":"https:\/\/archive.sana.sy\/es\/index.php?rest_route=\/wp\/v2\/users\/1"}],"replies":[{"embeddable":true,"href":"https:\/\/archive.sana.sy\/es\/index.php?rest_route=%2Fwp%2Fv2%2Fcomments&post=72860"}],"version-history":[{"count":0,"href":"https:\/\/archive.sana.sy\/es\/index.php?rest_route=\/wp\/v2\/posts\/72860\/revisions"}],"wp:featuredmedia":[{"embeddable":true,"href":"https:\/\/archive.sana.sy\/es\/index.php?rest_route=\/wp\/v2\/media\/72861"}],"wp:attachment":[{"href":"https:\/\/archive.sana.sy\/es\/index.php?rest_route=%2Fwp%2Fv2%2Fmedia&parent=72860"}],"wp:term":[{"taxonomy":"category","embeddable":true,"href":"https:\/\/archive.sana.sy\/es\/index.php?rest_route=%2Fwp%2Fv2%2Fcategories&post=72860"},{"taxonomy":"post_tag","embeddable":true,"href":"https:\/\/archive.sana.sy\/es\/index.php?rest_route=%2Fwp%2Fv2%2Ftags&post=72860"}],"curies":[{"name":"wp","href":"https:\/\/api.w.org\/{rel}","templated":true}]}}