{"id":72868,"date":"2017-11-21T17:11:47","date_gmt":"2017-11-21T15:11:47","guid":{"rendered":"http:\/\/www.sana.sy\/es\/?p=72868"},"modified":"2017-11-21T17:11:47","modified_gmt":"2017-11-21T15:11:47","slug":"el-presidente-bashar-al-assad-emite-un-decreto-para-aumentar-los-salarios-de-las-horas-extras-de-los-docentes","status":"publish","type":"post","link":"https:\/\/archive.sana.sy\/es\/?p=72868","title":{"rendered":"El presidente Bashar Al Assad emite un decreto para aumentar los salarios de las horas extras de los docentes"},"content":{"rendered":"<p><span style=\"color: #800000\">Damasco, SANA<\/span>&#8211; El presidente Bashar Al Assad emiti\u00f3 el martes el decreto n\u00fam. 335 para el 2017 sobre la paga extra del sector de la ense\u00f1anza<\/p>\n<p>El decreto estipula la concesi\u00f3n de remuneraci\u00f3n al docente comisionado de educaci\u00f3n b\u00e1sica y secundaria y a todos los centros de formaci\u00f3n profesional y afiliados al Ministerio de Educaci\u00f3n en las clases te\u00f3ricas y pr\u00e1cticas de acuerdo con los nuevos salarios por hora.<\/p>\n<p>El decreto tambi\u00e9n establece que el ministro o su representante autorizado implanta el encargado de ense\u00f1ar horas extras en las escuelas de formaci\u00f3n profesional del Ministerio.<\/p>\n<p>&nbsp;<\/p>\n<p>M\/Miri<\/p>\n<p>&nbsp;<\/p>\n","protected":false},"excerpt":{"rendered":"<p>Damasco, SANA&#8211; El presidente Bashar Al Assad emiti\u00f3 el martes el decreto n\u00fam. 335 para el 2017 sobre la paga extra del sector de la ense\u00f1anza El decreto estipula la concesi\u00f3n de remuneraci\u00f3n al docente comisionado de educaci\u00f3n b\u00e1sica y secundaria y a todos los centros de formaci\u00f3n profesional y afiliados al Ministerio de Educaci\u00f3n &hellip;<\/p>\n","protected":false},"author":1,"featured_media":68032,"comment_status":"closed","ping_status":"closed","sticky":false,"template":"","format":"standard","meta":{"footnotes":""},"categories":[626,7541],"tags":[10537],"class_list":["post-72868","post","type-post","status-publish","format-standard","has-post-thumbnail","","category-sr-presidente","category-ultimas-noticias","tag-presidente-bashar-al-assad"],"_links":{"self":[{"href":"https:\/\/archive.sana.sy\/es\/index.php?rest_route=\/wp\/v2\/posts\/72868"}],"collection":[{"href":"https:\/\/archive.sana.sy\/es\/index.php?rest_route=\/wp\/v2\/posts"}],"about":[{"href":"https:\/\/archive.sana.sy\/es\/index.php?rest_route=\/wp\/v2\/types\/post"}],"author":[{"embeddable":true,"href":"https:\/\/archive.sana.sy\/es\/index.php?rest_route=\/wp\/v2\/users\/1"}],"replies":[{"embeddable":true,"href":"https:\/\/archive.sana.sy\/es\/index.php?rest_route=%2Fwp%2Fv2%2Fcomments&post=72868"}],"version-history":[{"count":0,"href":"https:\/\/archive.sana.sy\/es\/index.php?rest_route=\/wp\/v2\/posts\/72868\/revisions"}],"wp:featuredmedia":[{"embeddable":true,"href":"https:\/\/archive.sana.sy\/es\/index.php?rest_route=\/wp\/v2\/media\/68032"}],"wp:attachment":[{"href":"https:\/\/archive.sana.sy\/es\/index.php?rest_route=%2Fwp%2Fv2%2Fmedia&parent=72868"}],"wp:term":[{"taxonomy":"category","embeddable":true,"href":"https:\/\/archive.sana.sy\/es\/index.php?rest_route=%2Fwp%2Fv2%2Fcategories&post=72868"},{"taxonomy":"post_tag","embeddable":true,"href":"https:\/\/archive.sana.sy\/es\/index.php?rest_route=%2Fwp%2Fv2%2Ftags&post=72868"}],"curies":[{"name":"wp","href":"https:\/\/api.w.org\/{rel}","templated":true}]}}