{"id":72999,"date":"2017-11-23T20:47:24","date_gmt":"2017-11-23T18:47:24","guid":{"rendered":"http:\/\/www.sana.sy\/es\/?p=72999"},"modified":"2017-11-24T15:19:15","modified_gmt":"2017-11-24T13:19:15","slug":"primer-ministro-inaugura-%c2%a8dia-de-la-cultura-siria%c2%a8-en-dar-al-assad-para-la-cultura-y-arte","status":"publish","type":"post","link":"https:\/\/archive.sana.sy\/es\/?p=72999","title":{"rendered":"Primer Ministro inaugura \u00a8D\u00eda de la Cultura Siria\u00a8 en Dar al Assad para la Cultura y Arte"},"content":{"rendered":"<p>Damasco, SANA<\/p>\n<p>Bajo los auspicios del primer ministro, Imad Khamis, se inaugur\u00f3 esta tarde en la opera de Dar al Assad para la Cultura y Arte, una festividad organizada por el Ministerio de Cultura sirio con motivo del aniversario de su creaci\u00f3n.<\/p>\n<p>El acto inaugural de la festividad bautizada \u201cD\u00eda de la Cultura por la Conciencia de la Vida\u201d cont\u00f3 con la asistencia de destacadas figuras pol\u00edticas, culturales e intelectuales, adem\u00e1s de representantes de misiones diplom\u00e1ticas acreditadas en Damasco.<\/p>\n<p>La ceremonia de inauguraci\u00f3n contempl\u00f3 una exposici\u00f3n de fotograf\u00edas y afiches de las actividades del Ministerio de Cultura en 2017, una exposici\u00f3n organizada por la Direcci\u00f3n General de Antig\u00fcedades y Museos bajo el t\u00edtulo \u201clos hallazgos arqueol\u00f3gicos en Damasco campo\u201d, una exhibici\u00f3n de libros del Organismo General Sirio para el Libro, una exposici\u00f3n de artesan\u00eda infantil y otra de pinturas sobre la guerra en Siria.<\/p>\n<p>En una palabra pronunciada en el acto inaugural, el Primer Ministro puntualiz\u00f3 que la guerra librada contra Siria desde hace casi siete a\u00f1os, no ha sido solamente un terrorismo destinado a destruir y socavar los establecimientos estatales sino que la mayor parte del mismo ha sido un terrorismo intelectual, cultural y moral cuyo objetivo es generalizar la cultura de extremismo a costa de la cultura de tolerancia, as\u00ed como propagar el retraso y la ignorancia a detrimento de la innovaci\u00f3n y la ciencia.<\/p>\n<p>\u201cTal como hemos logrado derrotar el terrorismo a nivel militar, seremos capaces de derrotarlo a nivel intelectual y social, y de borrar todo lo que hizo durante a\u00f1os y su existencia, y nos apoya en esto a un patrimonio cultural grande\u201d, asever\u00f3 el jefe del Ejecutivo.<\/p>\n<p>L.A.<\/p>\n","protected":false},"excerpt":{"rendered":"<p>Damasco, SANA Bajo los auspicios del primer ministro, Imad Khamis, se inaugur\u00f3 esta tarde en la opera de Dar al Assad para la Cultura y Arte, una festividad organizada por el Ministerio de Cultura sirio con motivo del aniversario de su creaci\u00f3n. El acto inaugural de la festividad bautizada \u201cD\u00eda de la Cultura por la &hellip;<\/p>\n","protected":false},"author":1,"featured_media":73000,"comment_status":"closed","ping_status":"closed","sticky":false,"template":"","format":"standard","meta":{"footnotes":""},"categories":[510,476,583,7541],"tags":[],"class_list":["post-72999","post","type-post","status-publish","format-standard","has-post-thumbnail","","category-arte-y-cultura","category-locales","category-slide","category-ultimas-noticias"],"_links":{"self":[{"href":"https:\/\/archive.sana.sy\/es\/index.php?rest_route=\/wp\/v2\/posts\/72999"}],"collection":[{"href":"https:\/\/archive.sana.sy\/es\/index.php?rest_route=\/wp\/v2\/posts"}],"about":[{"href":"https:\/\/archive.sana.sy\/es\/index.php?rest_route=\/wp\/v2\/types\/post"}],"author":[{"embeddable":true,"href":"https:\/\/archive.sana.sy\/es\/index.php?rest_route=\/wp\/v2\/users\/1"}],"replies":[{"embeddable":true,"href":"https:\/\/archive.sana.sy\/es\/index.php?rest_route=%2Fwp%2Fv2%2Fcomments&post=72999"}],"version-history":[{"count":0,"href":"https:\/\/archive.sana.sy\/es\/index.php?rest_route=\/wp\/v2\/posts\/72999\/revisions"}],"wp:featuredmedia":[{"embeddable":true,"href":"https:\/\/archive.sana.sy\/es\/index.php?rest_route=\/wp\/v2\/media\/73000"}],"wp:attachment":[{"href":"https:\/\/archive.sana.sy\/es\/index.php?rest_route=%2Fwp%2Fv2%2Fmedia&parent=72999"}],"wp:term":[{"taxonomy":"category","embeddable":true,"href":"https:\/\/archive.sana.sy\/es\/index.php?rest_route=%2Fwp%2Fv2%2Fcategories&post=72999"},{"taxonomy":"post_tag","embeddable":true,"href":"https:\/\/archive.sana.sy\/es\/index.php?rest_route=%2Fwp%2Fv2%2Ftags&post=72999"}],"curies":[{"name":"wp","href":"https:\/\/api.w.org\/{rel}","templated":true}]}}