{"id":73003,"date":"2017-11-24T14:07:50","date_gmt":"2017-11-24T12:07:50","guid":{"rendered":"http:\/\/www.sana.sy\/es\/?p=73003"},"modified":"2017-11-24T14:07:50","modified_gmt":"2017-11-24T12:07:50","slug":"astana-8-podria-celebrarse-despues-del-20-de-diciembre","status":"publish","type":"post","link":"https:\/\/archive.sana.sy\/es\/?p=73003","title":{"rendered":"Astan\u00e1-8 podr\u00eda celebrarse despu\u00e9s del 20 de diciembre"},"content":{"rendered":"<p><span style=\"color: #800000\">Astan\u00e1, SANA<\/span>&#8211; La octava ronda de conversaciones de Astan\u00e1 sobre la soluci\u00f3n a la crisis siria podr\u00eda tener lugar despu\u00e9s del 20 de diciembre, anunci\u00f3 el vicecanciller kazajo, Akylbek Kamaldinov.<\/p>\n<p>&#8220;Creemos que los estados garantes del proceso de Astan\u00e1 sostendr\u00e1n una nueva ronda de conversaciones en los \u00faltimos diez d\u00edas de diciembre, pero todav\u00eda no tenemos fecha exacta,&#8221; cit\u00f3 la agencia sputniknews a Kamaldinov.<\/p>\n<p>La s\u00e9ptima ronda de consultas sirias se celebr\u00f3 en la capital kazaja el 30 y el 31 del pasado octubre.<\/p>\n<p>&nbsp;<\/p>\n<p>M\/Miri<\/p>\n","protected":false},"excerpt":{"rendered":"<p>Astan\u00e1, SANA&#8211; La octava ronda de conversaciones de Astan\u00e1 sobre la soluci\u00f3n a la crisis siria podr\u00eda tener lugar despu\u00e9s del 20 de diciembre, anunci\u00f3 el vicecanciller kazajo, Akylbek Kamaldinov. &#8220;Creemos que los estados garantes del proceso de Astan\u00e1 sostendr\u00e1n una nueva ronda de conversaciones en los \u00faltimos diez d\u00edas de diciembre, pero todav\u00eda no &hellip;<\/p>\n","protected":false},"author":1,"featured_media":73004,"comment_status":"closed","ping_status":"closed","sticky":false,"template":"","format":"standard","meta":{"footnotes":""},"categories":[597,467,583,7541],"tags":[11090],"class_list":["post-73003","post","type-post","status-publish","format-standard","has-post-thumbnail","","category-cinta-de-noticias","category-siria-y-el-mundo","category-slide","category-ultimas-noticias","tag-astana-8"],"_links":{"self":[{"href":"https:\/\/archive.sana.sy\/es\/index.php?rest_route=\/wp\/v2\/posts\/73003"}],"collection":[{"href":"https:\/\/archive.sana.sy\/es\/index.php?rest_route=\/wp\/v2\/posts"}],"about":[{"href":"https:\/\/archive.sana.sy\/es\/index.php?rest_route=\/wp\/v2\/types\/post"}],"author":[{"embeddable":true,"href":"https:\/\/archive.sana.sy\/es\/index.php?rest_route=\/wp\/v2\/users\/1"}],"replies":[{"embeddable":true,"href":"https:\/\/archive.sana.sy\/es\/index.php?rest_route=%2Fwp%2Fv2%2Fcomments&post=73003"}],"version-history":[{"count":0,"href":"https:\/\/archive.sana.sy\/es\/index.php?rest_route=\/wp\/v2\/posts\/73003\/revisions"}],"wp:featuredmedia":[{"embeddable":true,"href":"https:\/\/archive.sana.sy\/es\/index.php?rest_route=\/wp\/v2\/media\/73004"}],"wp:attachment":[{"href":"https:\/\/archive.sana.sy\/es\/index.php?rest_route=%2Fwp%2Fv2%2Fmedia&parent=73003"}],"wp:term":[{"taxonomy":"category","embeddable":true,"href":"https:\/\/archive.sana.sy\/es\/index.php?rest_route=%2Fwp%2Fv2%2Fcategories&post=73003"},{"taxonomy":"post_tag","embeddable":true,"href":"https:\/\/archive.sana.sy\/es\/index.php?rest_route=%2Fwp%2Fv2%2Ftags&post=73003"}],"curies":[{"name":"wp","href":"https:\/\/api.w.org\/{rel}","templated":true}]}}