{"id":73171,"date":"2017-11-27T20:55:57","date_gmt":"2017-11-27T18:55:57","guid":{"rendered":"http:\/\/www.sana.sy\/es\/?p=73171"},"modified":"2017-11-27T20:55:57","modified_gmt":"2017-11-27T18:55:57","slug":"lavrov-la-unidad-del-territorio-sirio-es-una-necesidad-absoluta-y-un-principio-indudable","status":"publish","type":"post","link":"https:\/\/archive.sana.sy\/es\/?p=73171","title":{"rendered":"Lavrov: la unidad del territorio sirio es una necesidad absoluta y un principio indudable"},"content":{"rendered":"<p>&nbsp;<\/p>\n<p><span style=\"color: #800000;\">Mosc\u00fa-SANA<\/span><\/p>\n<p>El ministro de Exteriores ruso, Serguei Lavrov, dijo que la unidad del territorio sirio es una necesidad absoluta y un principio indudable.<\/p>\n<p>Lavrov se\u00f1al\u00f3 que la conferencia del di\u00e1logo nacional sirio, prevista a celebrarse en la ciudad de Sochi, tiene por objetivo contribuir a la reforma constitucional y a la preparaci\u00f3n de las pr\u00f3ximas elecciones en Siria.<\/p>\n<p>Las ideas sobre el sistema del estado deben ser debatidas en el marco del di\u00e1logo intersirio que fue impulsado bajo patrocinio de Naciones Unidas mediante el proceso de Astan\u00e1, se\u00f1al\u00f3 Lavrov.<\/p>\n<p>El canciller ruso concluy\u00f3 que los propios sirios acordar\u00edan como debe ser Siria, y la necesidad de ser un estado soberano y unido, ya que las resoluciones del Consejo de Seguridad y nuestros acuerdos en el marco de Astan\u00e1 tienen por objetivo iniciar un di\u00e1logo directo entre el gobierno y las facciones de la oposici\u00f3n siria.<\/p>\n<p><span style=\"color: #0000ff;\">Akram. S<\/span><\/p>\n","protected":false},"excerpt":{"rendered":"<p>&nbsp; Mosc\u00fa-SANA El ministro de Exteriores ruso, Serguei Lavrov, dijo que la unidad del territorio sirio es una necesidad absoluta y un principio indudable. Lavrov se\u00f1al\u00f3 que la conferencia del di\u00e1logo nacional sirio, prevista a celebrarse en la ciudad de Sochi, tiene por objetivo contribuir a la reforma constitucional y a la preparaci\u00f3n de las &hellip;<\/p>\n","protected":false},"author":1,"featured_media":73172,"comment_status":"closed","ping_status":"closed","sticky":false,"template":"","format":"standard","meta":{"footnotes":""},"categories":[597,467,7541],"tags":[],"class_list":["post-73171","post","type-post","status-publish","format-standard","has-post-thumbnail","","category-cinta-de-noticias","category-siria-y-el-mundo","category-ultimas-noticias"],"_links":{"self":[{"href":"https:\/\/archive.sana.sy\/es\/index.php?rest_route=\/wp\/v2\/posts\/73171"}],"collection":[{"href":"https:\/\/archive.sana.sy\/es\/index.php?rest_route=\/wp\/v2\/posts"}],"about":[{"href":"https:\/\/archive.sana.sy\/es\/index.php?rest_route=\/wp\/v2\/types\/post"}],"author":[{"embeddable":true,"href":"https:\/\/archive.sana.sy\/es\/index.php?rest_route=\/wp\/v2\/users\/1"}],"replies":[{"embeddable":true,"href":"https:\/\/archive.sana.sy\/es\/index.php?rest_route=%2Fwp%2Fv2%2Fcomments&post=73171"}],"version-history":[{"count":0,"href":"https:\/\/archive.sana.sy\/es\/index.php?rest_route=\/wp\/v2\/posts\/73171\/revisions"}],"wp:featuredmedia":[{"embeddable":true,"href":"https:\/\/archive.sana.sy\/es\/index.php?rest_route=\/wp\/v2\/media\/73172"}],"wp:attachment":[{"href":"https:\/\/archive.sana.sy\/es\/index.php?rest_route=%2Fwp%2Fv2%2Fmedia&parent=73171"}],"wp:term":[{"taxonomy":"category","embeddable":true,"href":"https:\/\/archive.sana.sy\/es\/index.php?rest_route=%2Fwp%2Fv2%2Fcategories&post=73171"},{"taxonomy":"post_tag","embeddable":true,"href":"https:\/\/archive.sana.sy\/es\/index.php?rest_route=%2Fwp%2Fv2%2Ftags&post=73171"}],"curies":[{"name":"wp","href":"https:\/\/api.w.org\/{rel}","templated":true}]}}