{"id":7325,"date":"2014-08-18T19:26:23","date_gmt":"2014-08-18T16:26:23","guid":{"rendered":"http:\/\/www.sana.sy\/es\/?p=7325"},"modified":"2014-08-18T19:26:23","modified_gmt":"2014-08-18T16:26:23","slug":"ffaa-iraquies-liberan-a-varias-zonas-de-ninwa","status":"publish","type":"post","link":"https:\/\/archive.sana.sy\/es\/?p=7325","title":{"rendered":"FFAA iraqu\u00edes liberan a varias zonas de Ninwa"},"content":{"rendered":"<p><span style=\"color: #800000\">Bagdad-SANA<\/span><\/p>\n<p>Las fuerzas armadas iraqu\u00edes en cooperaci\u00f3n con las fuerzas de defensa popular, recuperaron el control de amplias zonas en el valle Ninawa al norte de Irak, as\u00ed como varias aldeas adyacentes a la represa de Mosul al norte de la ciudad, resultado de intensos combates contra los terroristas de del Estado Isl\u00e1mico.<\/p>\n<p>Las fuerzas iraqu\u00edes, secundadas por las fuerzas a\u00e9reas del pa\u00eds, lograron expulsar a los terroristas de la parte este de la ciudad de Mosul y de la zona de Bawa-bet Takrit en Saladino, mientras contin\u00faan los enfrentamientos al este de Mosul.<\/p>\n<p>Al mismo tiempo, las fuerzas de seguridad iraqu\u00edes en una operaci\u00f3n que realizaron en la provincia de Al-Anbar, lograron abatir a 16 terroristas entre ellos mercenarios de nacionalidades \u00e1rabes y extranjeras y destruirles 13 carros todo terreno y una camioneta bomba.<\/p>\n<p><span style=\"color: #333399\">Yamil K.<\/span><\/p>\n","protected":false},"excerpt":{"rendered":"<p>Bagdad-SANA Las fuerzas armadas iraqu\u00edes en cooperaci\u00f3n con las fuerzas de defensa popular, recuperaron el control de amplias zonas en el valle Ninawa al norte de Irak, as\u00ed como varias aldeas adyacentes a la represa de Mosul al norte de la ciudad, resultado de intensos combates contra los terroristas de del Estado Isl\u00e1mico. Las fuerzas &hellip;<\/p>\n","protected":false},"author":1,"featured_media":7326,"comment_status":"closed","ping_status":"closed","sticky":false,"template":"","format":"standard","meta":{"footnotes":""},"categories":[456,576],"tags":[],"class_list":["post-7325","post","type-post","status-publish","format-standard","has-post-thumbnail","","category-arabe-internacional-politica","category-noticias-politicas"],"_links":{"self":[{"href":"https:\/\/archive.sana.sy\/es\/index.php?rest_route=\/wp\/v2\/posts\/7325"}],"collection":[{"href":"https:\/\/archive.sana.sy\/es\/index.php?rest_route=\/wp\/v2\/posts"}],"about":[{"href":"https:\/\/archive.sana.sy\/es\/index.php?rest_route=\/wp\/v2\/types\/post"}],"author":[{"embeddable":true,"href":"https:\/\/archive.sana.sy\/es\/index.php?rest_route=\/wp\/v2\/users\/1"}],"replies":[{"embeddable":true,"href":"https:\/\/archive.sana.sy\/es\/index.php?rest_route=%2Fwp%2Fv2%2Fcomments&post=7325"}],"version-history":[{"count":0,"href":"https:\/\/archive.sana.sy\/es\/index.php?rest_route=\/wp\/v2\/posts\/7325\/revisions"}],"wp:featuredmedia":[{"embeddable":true,"href":"https:\/\/archive.sana.sy\/es\/index.php?rest_route=\/wp\/v2\/media\/7326"}],"wp:attachment":[{"href":"https:\/\/archive.sana.sy\/es\/index.php?rest_route=%2Fwp%2Fv2%2Fmedia&parent=7325"}],"wp:term":[{"taxonomy":"category","embeddable":true,"href":"https:\/\/archive.sana.sy\/es\/index.php?rest_route=%2Fwp%2Fv2%2Fcategories&post=7325"},{"taxonomy":"post_tag","embeddable":true,"href":"https:\/\/archive.sana.sy\/es\/index.php?rest_route=%2Fwp%2Fv2%2Ftags&post=7325"}],"curies":[{"name":"wp","href":"https:\/\/api.w.org\/{rel}","templated":true}]}}