{"id":7331,"date":"2014-08-18T19:30:05","date_gmt":"2014-08-18T16:30:05","guid":{"rendered":"http:\/\/www.sana.sy\/es\/?p=7331"},"modified":"2014-08-18T20:05:57","modified_gmt":"2014-08-18T17:05:57","slug":"siria-y-la-oms-examinan-las-vias-de-entregar-ayuda-medica-a-las-zonas-inseguras-en-las-provincias-del-pais","status":"publish","type":"post","link":"https:\/\/archive.sana.sy\/es\/?p=7331","title":{"rendered":"Siria y la OMS examinan las v\u00edas de entregar ayuda m\u00e9dica a las zonas inseguras en las provincias del pa\u00eds"},"content":{"rendered":"<p>Damasco-SANA<\/p>\n<p>El ministro de Salud en el gobierno interino Saad al-Nayef examin\u00f3 con la representante permanente de la Organizaci\u00f3n Mundial de la Salud (OMS) en Damasco Elizabeth Hoff las v\u00edas de mejorar la cooperaci\u00f3n en t\u00e9rminos de la entrega de ayuda m\u00e9dica a las zonas inseguras en las provincias del pa\u00eds.<\/p>\n<p>Al-Nayef subray\u00f3 la necesidad de fortalecer la coordinaci\u00f3n y cooperaci\u00f3n entre el Ministerio y la OMS a fin de enviar un cargamento m\u00e9dico conjunto por v\u00eda a\u00e9rea a la provincia de Hasaka, as\u00ed como propuso a Hoff la posibilidad de entregar los env\u00edos de medicamentos a Deraa.<\/p>\n<p>De igual modo, se\u00f1al\u00f3 que el Ministerio solicit\u00f3 a la Direcci\u00f3n de Salud en Hasaka proporcionar toda la ayuda m\u00e9dica posible a los ciudadanos sirios e iraqu\u00edes quienes acudieron a Siria debido a la escalada de la situaci\u00f3n en su pa\u00eds.<\/p>\n<p>El mismo dijo que la entrega de los env\u00edos m\u00e9dicos a Moadamiyet al-Cham en Damasco-Campo y Alepo debe ser repetida en todas las provincias.<br \/>\nA su vez, Hoff entreg\u00f3 a al-Nayef una carta de reconocimiento del Director Regional de la OMS para el Mediterr\u00e1neo Oriental Ala Alwan, en la que expres\u00f3 su aprecio al gobierno sirio por su cooperaci\u00f3n con la OMS en materia de proporcionar servicios de salud a las personas que los necesitan, adem\u00e1s de mejorar los esfuerzos de socorro.<\/p>\n<p>Hoff dijo que la OMS se ha comprometido a trabajar con el gobierno sirio y con los socios en el \u00e1mbito de la salud para acceder a todo ciudadano sirio que necesita atenci\u00f3n m\u00e9dica.<\/p>\n<p><span style=\"color: #333399\">Yamil K.-Riyad Sh.<\/span><\/p>\n","protected":false},"excerpt":{"rendered":"<p>Damasco-SANA El ministro de Salud en el gobierno interino Saad al-Nayef examin\u00f3 con la representante permanente de la Organizaci\u00f3n Mundial de la Salud (OMS) en Damasco Elizabeth Hoff las v\u00edas de mejorar la cooperaci\u00f3n en t\u00e9rminos de la entrega de ayuda m\u00e9dica a las zonas inseguras en las provincias del pa\u00eds. Al-Nayef subray\u00f3 la necesidad &hellip;<\/p>\n","protected":false},"author":1,"featured_media":7332,"comment_status":"closed","ping_status":"closed","sticky":false,"template":"","format":"standard","meta":{"footnotes":""},"categories":[447,476,576],"tags":[],"class_list":["post-7331","post","type-post","status-publish","format-standard","has-post-thumbnail","","category-local-politica","category-locales","category-noticias-politicas"],"_links":{"self":[{"href":"https:\/\/archive.sana.sy\/es\/index.php?rest_route=\/wp\/v2\/posts\/7331"}],"collection":[{"href":"https:\/\/archive.sana.sy\/es\/index.php?rest_route=\/wp\/v2\/posts"}],"about":[{"href":"https:\/\/archive.sana.sy\/es\/index.php?rest_route=\/wp\/v2\/types\/post"}],"author":[{"embeddable":true,"href":"https:\/\/archive.sana.sy\/es\/index.php?rest_route=\/wp\/v2\/users\/1"}],"replies":[{"embeddable":true,"href":"https:\/\/archive.sana.sy\/es\/index.php?rest_route=%2Fwp%2Fv2%2Fcomments&post=7331"}],"version-history":[{"count":0,"href":"https:\/\/archive.sana.sy\/es\/index.php?rest_route=\/wp\/v2\/posts\/7331\/revisions"}],"wp:featuredmedia":[{"embeddable":true,"href":"https:\/\/archive.sana.sy\/es\/index.php?rest_route=\/wp\/v2\/media\/7332"}],"wp:attachment":[{"href":"https:\/\/archive.sana.sy\/es\/index.php?rest_route=%2Fwp%2Fv2%2Fmedia&parent=7331"}],"wp:term":[{"taxonomy":"category","embeddable":true,"href":"https:\/\/archive.sana.sy\/es\/index.php?rest_route=%2Fwp%2Fv2%2Fcategories&post=7331"},{"taxonomy":"post_tag","embeddable":true,"href":"https:\/\/archive.sana.sy\/es\/index.php?rest_route=%2Fwp%2Fv2%2Ftags&post=7331"}],"curies":[{"name":"wp","href":"https:\/\/api.w.org\/{rel}","templated":true}]}}