{"id":7335,"date":"2014-08-18T19:53:45","date_gmt":"2014-08-18T16:53:45","guid":{"rendered":"http:\/\/www.sana.sy\/es\/?p=7335"},"modified":"2014-08-18T19:53:45","modified_gmt":"2014-08-18T16:53:45","slug":"siria-y-la-india-examinan-cooperacion-en-materia-de-seguridad","status":"publish","type":"post","link":"https:\/\/archive.sana.sy\/es\/?p=7335","title":{"rendered":"Siria y la India examinan cooperaci\u00f3n en materia de seguridad"},"content":{"rendered":"<p>Damasco-SANA<\/p>\n<p>El ministro de Estado para Asuntos de Reconciliaci\u00f3n Nacional en el gobierno interino, Ali Haidar se reuni\u00f3 el lunes con el asistente del canciller indio para asuntos de Seguridad diplom\u00e1tica SK Sinha.<\/p>\n<p>Durante la reuni\u00f3n el ministro de Reconciliaci\u00f3n dijo que el Estado Isl\u00e1mico de Irak y el Levante y otras organizaciones terroristas no son m\u00e1s que herramientas utilizadas por algunos Estados regionales e internacionales para llevar a cabo sus agendas pol\u00edticas en la regi\u00f3n, se\u00f1alando que Siria fue uno de los primeros pa\u00edses v\u00edctimas del terrorismo y que siempre ha llamado a fijar una definici\u00f3n de este fen\u00f3meno, combatirlo y desecar sus fuentes.<\/p>\n<p>Haidar afirm\u00f3 que Siria est\u00e1 dispuesta a cooperar con la India en lo que respecta a los ciudadanos indios que se han involucrado con organizaciones terroristas as\u00ed como alab\u00f3 el papel de la India en los foros internacionales, ya que forma parte del grupo BRICS que tiene posturas claras en cuanto a la crisis en Siria.<\/p>\n<p>A su vez, Sinha hizo hincapi\u00e9 en la necesidad de solucionar la crisis en Siria de manera pac\u00edfica y por medios pol\u00edticos y bajo la administraci\u00f3n de Siria, agregando que \u00a8ha notado la calma que prevalece en Damasco, contrariamente a la falsa imagen divulgada por los medios de comunicaci\u00f3n.<\/p>\n<p>De igual modo subray\u00f3 que todos los pa\u00edses han de cooperar entre s\u00ed en materia de la lucha contra el terrorismo, porque esta cuesti\u00f3n no s\u00f3lo corresponde a Siria; sino tambi\u00e9n a la India y al mundo entero.<br \/>\nYamil K.-Riyad Sh.<\/p>\n","protected":false},"excerpt":{"rendered":"<p>Damasco-SANA El ministro de Estado para Asuntos de Reconciliaci\u00f3n Nacional en el gobierno interino, Ali Haidar se reuni\u00f3 el lunes con el asistente del canciller indio para asuntos de Seguridad diplom\u00e1tica SK Sinha. Durante la reuni\u00f3n el ministro de Reconciliaci\u00f3n dijo que el Estado Isl\u00e1mico de Irak y el Levante y otras organizaciones terroristas no &hellip;<\/p>\n","protected":false},"author":1,"featured_media":7336,"comment_status":"closed","ping_status":"closed","sticky":false,"template":"","format":"standard","meta":{"footnotes":""},"categories":[597,476,576],"tags":[],"class_list":["post-7335","post","type-post","status-publish","format-standard","has-post-thumbnail","","category-cinta-de-noticias","category-locales","category-noticias-politicas"],"_links":{"self":[{"href":"https:\/\/archive.sana.sy\/es\/index.php?rest_route=\/wp\/v2\/posts\/7335"}],"collection":[{"href":"https:\/\/archive.sana.sy\/es\/index.php?rest_route=\/wp\/v2\/posts"}],"about":[{"href":"https:\/\/archive.sana.sy\/es\/index.php?rest_route=\/wp\/v2\/types\/post"}],"author":[{"embeddable":true,"href":"https:\/\/archive.sana.sy\/es\/index.php?rest_route=\/wp\/v2\/users\/1"}],"replies":[{"embeddable":true,"href":"https:\/\/archive.sana.sy\/es\/index.php?rest_route=%2Fwp%2Fv2%2Fcomments&post=7335"}],"version-history":[{"count":0,"href":"https:\/\/archive.sana.sy\/es\/index.php?rest_route=\/wp\/v2\/posts\/7335\/revisions"}],"wp:featuredmedia":[{"embeddable":true,"href":"https:\/\/archive.sana.sy\/es\/index.php?rest_route=\/wp\/v2\/media\/7336"}],"wp:attachment":[{"href":"https:\/\/archive.sana.sy\/es\/index.php?rest_route=%2Fwp%2Fv2%2Fmedia&parent=7335"}],"wp:term":[{"taxonomy":"category","embeddable":true,"href":"https:\/\/archive.sana.sy\/es\/index.php?rest_route=%2Fwp%2Fv2%2Fcategories&post=7335"},{"taxonomy":"post_tag","embeddable":true,"href":"https:\/\/archive.sana.sy\/es\/index.php?rest_route=%2Fwp%2Fv2%2Ftags&post=7335"}],"curies":[{"name":"wp","href":"https:\/\/api.w.org\/{rel}","templated":true}]}}