{"id":7344,"date":"2014-08-18T20:18:33","date_gmt":"2014-08-18T17:18:33","guid":{"rendered":"http:\/\/www.sana.sy\/es\/?p=7344"},"modified":"2014-08-18T20:18:33","modified_gmt":"2014-08-18T17:18:33","slug":"heridos-3-ciudadanos-por-ataques-de-mortero-en-damasco","status":"publish","type":"post","link":"https:\/\/archive.sana.sy\/es\/?p=7344","title":{"rendered":"Heridos 3 ciudadanos por ataques de mortero en Damasco"},"content":{"rendered":"<p><span style=\"color: #800000\">Damasco-SANA<\/span><\/p>\n<p>Una fuente en la comandancia de la polic\u00eda dijo que terroristas lanzaron proyectiles de mortero contra varios barrios residenciales de Damasco.<\/p>\n<p>La fuente agreg\u00f3 que un proyectil cay\u00f3 en la calle de Bagdad y caus\u00f3 heridas a un ni\u00f1o y una mujer, adem\u00e1s de da\u00f1os materiales en una casa y en un n\u00famero de coches.<\/p>\n<p>La misma fuente se\u00f1al\u00f3 que otros tres proyectiles impactaron en Barzeh Balad, dejando a tres ciudadanos heridos y da\u00f1os materiales en varios carros. Asimismo mencion\u00f3 que un mortero estall\u00f3 en el barrio de Afif, provocando da\u00f1os en tres hogares y otro en el barrio de Aburamaneh.<\/p>\n<p><span style=\"color: #333399\">Yamil K.<\/span><\/p>\n","protected":false},"excerpt":{"rendered":"<p>Damasco-SANA Una fuente en la comandancia de la polic\u00eda dijo que terroristas lanzaron proyectiles de mortero contra varios barrios residenciales de Damasco. La fuente agreg\u00f3 que un proyectil cay\u00f3 en la calle de Bagdad y caus\u00f3 heridas a un ni\u00f1o y una mujer, adem\u00e1s de da\u00f1os materiales en una casa y en un n\u00famero de &hellip;<\/p>\n","protected":false},"author":1,"featured_media":6483,"comment_status":"closed","ping_status":"closed","sticky":false,"template":"","format":"standard","meta":{"footnotes":""},"categories":[573,476],"tags":[],"class_list":["post-7344","post","type-post","status-publish","format-standard","has-post-thumbnail","","category-la-realidad-de-los-acontecimientos-en-siria","category-locales"],"_links":{"self":[{"href":"https:\/\/archive.sana.sy\/es\/index.php?rest_route=\/wp\/v2\/posts\/7344"}],"collection":[{"href":"https:\/\/archive.sana.sy\/es\/index.php?rest_route=\/wp\/v2\/posts"}],"about":[{"href":"https:\/\/archive.sana.sy\/es\/index.php?rest_route=\/wp\/v2\/types\/post"}],"author":[{"embeddable":true,"href":"https:\/\/archive.sana.sy\/es\/index.php?rest_route=\/wp\/v2\/users\/1"}],"replies":[{"embeddable":true,"href":"https:\/\/archive.sana.sy\/es\/index.php?rest_route=%2Fwp%2Fv2%2Fcomments&post=7344"}],"version-history":[{"count":0,"href":"https:\/\/archive.sana.sy\/es\/index.php?rest_route=\/wp\/v2\/posts\/7344\/revisions"}],"wp:featuredmedia":[{"embeddable":true,"href":"https:\/\/archive.sana.sy\/es\/index.php?rest_route=\/wp\/v2\/media\/6483"}],"wp:attachment":[{"href":"https:\/\/archive.sana.sy\/es\/index.php?rest_route=%2Fwp%2Fv2%2Fmedia&parent=7344"}],"wp:term":[{"taxonomy":"category","embeddable":true,"href":"https:\/\/archive.sana.sy\/es\/index.php?rest_route=%2Fwp%2Fv2%2Fcategories&post=7344"},{"taxonomy":"post_tag","embeddable":true,"href":"https:\/\/archive.sana.sy\/es\/index.php?rest_route=%2Fwp%2Fv2%2Ftags&post=7344"}],"curies":[{"name":"wp","href":"https:\/\/api.w.org\/{rel}","templated":true}]}}