{"id":73470,"date":"2017-12-02T22:13:36","date_gmt":"2017-12-02T20:13:36","guid":{"rendered":"http:\/\/sana.sy\/es\/?p=73470"},"modified":"2017-12-02T22:13:36","modified_gmt":"2017-12-02T20:13:36","slug":"al-mekdad-desde-la-haya-nadie-puede-socavar-el-principio-de-la-integridad-territorial-de-siria","status":"publish","type":"post","link":"https:\/\/archive.sana.sy\/es\/?p=73470","title":{"rendered":"Al Mekdad desde La Haya: nadie puede socavar el principio de la integridad territorial de Siria"},"content":{"rendered":"<p><span style=\"color: #993366\">La Haya, SANA<\/span> \/\u00a0El vicecanciller, Faisal al Mekdad, se reuni\u00f3 este s\u00e1bado en la sede de la misi\u00f3n permanente de Siria en La Haya, con el presidente y los miembros de la Junta Directiva del Comit\u00e9 Nacional para los Expatriados Sirios en Holanda.<\/p>\n<p>El Vicecanciller hizo una panor\u00e1mica sobre el desarrollo de la situaci\u00f3n en Siria a la luz de las victorias del Ej\u00e9rcito \u00c1rabe Sirio sobre el terrorismo.<\/p>\n<p>Al Mekdad asever\u00f3 que no se permitir\u00e1 a nadie socavar los principios de la integridad territorial de Siria y la unidad de su pueblo, confirmando que este pueblo que apoya a su liderazgo y ej\u00e9rcito alcanzar\u00e1 la victoria sobre el terrorismo y frustrar\u00e1 los planes de Occidente y sus herramientas en la regi\u00f3n.<\/p>\n<p>En otro contexto, al Mekdad expres\u00f3 que el Estado sirio aprecia los enormes esfuerzos desempe\u00f1ados por los expatriados sirios en defensa de su patria y las responsabilidades que asumen para hacer llegar la verdadera imagen de lo que est\u00e1 pasando en Siria a la opini\u00f3n p\u00fablica de los pa\u00edses donde residen.<\/p>\n<p>Por su parte, el presidente del Comit\u00e9, Malek Samoel y los miembros de la Junta Directiva, expresaron su apego a su madre patria Siria, y exhibieron las medidas tomadas por el Comit\u00e9 para aclarar la \u00edndole de la guerra terrorista que sufre Siria.<\/p>\n<p>En el mismo sentido, expresaron su plena disposici\u00f3n para invertir en Siria y ayudarla en el proceso de reconstrucci\u00f3n.<\/p>\n<p>El encuentro cont\u00f3 con la presencia del Embajador permanente de Siria ante La Haya, Bassam Sabbagh y los miembros de la misi\u00f3n permanente.<\/p>\n<p>Lynn A.<\/p>\n","protected":false},"excerpt":{"rendered":"<p>La Haya, SANA \/\u00a0El vicecanciller, Faisal al Mekdad, se reuni\u00f3 este s\u00e1bado en la sede de la misi\u00f3n permanente de Siria en La Haya, con el presidente y los miembros de la Junta Directiva del Comit\u00e9 Nacional para los Expatriados Sirios en Holanda. El Vicecanciller hizo una panor\u00e1mica sobre el desarrollo de la situaci\u00f3n en &hellip;<\/p>\n","protected":false},"author":24,"featured_media":73472,"comment_status":"closed","ping_status":"closed","sticky":false,"template":"","format":"standard","meta":{"footnotes":""},"categories":[467,7541],"tags":[11159,11127,11158,6553],"class_list":["post-73470","post","type-post","status-publish","format-standard","has-post-thumbnail","","category-siria-y-el-mundo","category-ultimas-noticias","tag-el-vicecanciller","tag-faisal-al-mekdad","tag-la-haya","tag-siria"],"_links":{"self":[{"href":"https:\/\/archive.sana.sy\/es\/index.php?rest_route=\/wp\/v2\/posts\/73470"}],"collection":[{"href":"https:\/\/archive.sana.sy\/es\/index.php?rest_route=\/wp\/v2\/posts"}],"about":[{"href":"https:\/\/archive.sana.sy\/es\/index.php?rest_route=\/wp\/v2\/types\/post"}],"author":[{"embeddable":true,"href":"https:\/\/archive.sana.sy\/es\/index.php?rest_route=\/wp\/v2\/users\/24"}],"replies":[{"embeddable":true,"href":"https:\/\/archive.sana.sy\/es\/index.php?rest_route=%2Fwp%2Fv2%2Fcomments&post=73470"}],"version-history":[{"count":0,"href":"https:\/\/archive.sana.sy\/es\/index.php?rest_route=\/wp\/v2\/posts\/73470\/revisions"}],"wp:featuredmedia":[{"embeddable":true,"href":"https:\/\/archive.sana.sy\/es\/index.php?rest_route=\/wp\/v2\/media\/73472"}],"wp:attachment":[{"href":"https:\/\/archive.sana.sy\/es\/index.php?rest_route=%2Fwp%2Fv2%2Fmedia&parent=73470"}],"wp:term":[{"taxonomy":"category","embeddable":true,"href":"https:\/\/archive.sana.sy\/es\/index.php?rest_route=%2Fwp%2Fv2%2Fcategories&post=73470"},{"taxonomy":"post_tag","embeddable":true,"href":"https:\/\/archive.sana.sy\/es\/index.php?rest_route=%2Fwp%2Fv2%2Ftags&post=73470"}],"curies":[{"name":"wp","href":"https:\/\/api.w.org\/{rel}","templated":true}]}}