{"id":7349,"date":"2014-08-18T21:11:52","date_gmt":"2014-08-18T18:11:52","guid":{"rendered":"http:\/\/www.sana.sy\/es\/?p=7349"},"modified":"2014-08-18T21:11:52","modified_gmt":"2014-08-18T18:11:52","slug":"mshawah-y-yazigi-reciben-a-delegacion-de-la-sociedad-francesa-para-los-cristianos-orientales","status":"publish","type":"post","link":"https:\/\/archive.sana.sy\/es\/?p=7349","title":{"rendered":"Mshawah y Yazigi reciben a delegaci\u00f3n de la Sociedad Francesa para los cristianos orientales"},"content":{"rendered":"<p>Damasco-SANA<\/p>\n<p>La Ministra de Cultura en el gobierno interino Lubna Mshawah recibi\u00f3 una delegaci\u00f3n de la Sociedad Francesa para los cristianos orientales.<\/p>\n<p>Durante la ministra expuso las medidas y los esfuerzos realizados por su ministerio para proteger a los monumentos hist\u00f3ricos y sitios arqueol\u00f3gicos de los ataques y actos de sabotaje cometidos por los grupos terroristas armados.<\/p>\n<p>A su vez, el jefe de la delegaci\u00f3n Benjamin Blanchard elogi\u00f3 la valent\u00eda de los sirios y su determinaci\u00f3n a reconstruir su pa\u00eds, expresando la disposici\u00f3n de la sociedad para reconstruir la iglesia de San Jorge en Maaloula.<\/p>\n<p>De igual modo indic\u00f3 que el trabajo de la Asociaci\u00f3n se centra en Irak y Siria, a trav\u00e9s de la distribuci\u00f3n de la ayuda a las familias desplazadas.<\/p>\n<p>En el mismo contexto el Ministro de Turismo en el gobierno interino Bisher Yazigi tambi\u00e9n se reuni\u00f3 con la delegaci\u00f3n francesa.<\/p>\n<p><a href=\"http:\/\/www.sana.sy\/es\/wp-content\/uploads\/2014\/08\/yazgi.jpg\"><img loading=\"lazy\" decoding=\"async\" class=\"alignnone size-medium wp-image-7351\" src=\"http:\/\/www.sana.sy\/es\/wp-content\/uploads\/2014\/08\/yazgi-300x159.jpg\" alt=\"yazgi\" width=\"300\" height=\"159\" srcset=\"https:\/\/archive.sana.sy\/es\/wp-content\/uploads\/2014\/08\/yazgi-300x160.jpg 300w, https:\/\/archive.sana.sy\/es\/wp-content\/uploads\/2014\/08\/yazgi-150x79.jpg 150w, https:\/\/archive.sana.sy\/es\/wp-content\/uploads\/2014\/08\/yazgi.jpg 620w\" sizes=\"(max-width: 300px) 100vw, 300px\" \/><\/a><\/p>\n<p>El ministro dijo que el sector tur\u00edstico, a pesar de los da\u00f1os y actos terroristas, realiza enormes esfuerzos para rehabilitar lo que ha sido objeto de vandalismo, as\u00ed como se\u00f1al\u00f3 que muchos de los lugares de inter\u00e9s tur\u00edstico y arqueol\u00f3gico han sido sometidos al vandalismo y la destrucci\u00f3n a manos de los grupos terroristas armados que apuntan contra el patrimonio y la civilizaci\u00f3n de Siria.<\/p>\n<p>Yazigi subray\u00f3 a la delegaci\u00f3n que Siria goza de un potencial tur\u00edstico singular, ya que es la cuna de las religiones celestiales, y comprende muchos santuarios religiosos, adem\u00e1s de tener las m\u00e1s antiguas iglesias y monasterios en el mundo, y una civilizaci\u00f3n que se remonta a miles de a\u00f1os.<\/p>\n<p>Yamil K.<\/p>\n","protected":false},"excerpt":{"rendered":"<p>Damasco-SANA La Ministra de Cultura en el gobierno interino Lubna Mshawah recibi\u00f3 una delegaci\u00f3n de la Sociedad Francesa para los cristianos orientales. Durante la ministra expuso las medidas y los esfuerzos realizados por su ministerio para proteger a los monumentos hist\u00f3ricos y sitios arqueol\u00f3gicos de los ataques y actos de sabotaje cometidos por los grupos &hellip;<\/p>\n","protected":false},"author":1,"featured_media":7350,"comment_status":"closed","ping_status":"closed","sticky":false,"template":"","format":"standard","meta":{"footnotes":""},"categories":[476],"tags":[],"class_list":["post-7349","post","type-post","status-publish","format-standard","has-post-thumbnail","","category-locales"],"_links":{"self":[{"href":"https:\/\/archive.sana.sy\/es\/index.php?rest_route=\/wp\/v2\/posts\/7349"}],"collection":[{"href":"https:\/\/archive.sana.sy\/es\/index.php?rest_route=\/wp\/v2\/posts"}],"about":[{"href":"https:\/\/archive.sana.sy\/es\/index.php?rest_route=\/wp\/v2\/types\/post"}],"author":[{"embeddable":true,"href":"https:\/\/archive.sana.sy\/es\/index.php?rest_route=\/wp\/v2\/users\/1"}],"replies":[{"embeddable":true,"href":"https:\/\/archive.sana.sy\/es\/index.php?rest_route=%2Fwp%2Fv2%2Fcomments&post=7349"}],"version-history":[{"count":0,"href":"https:\/\/archive.sana.sy\/es\/index.php?rest_route=\/wp\/v2\/posts\/7349\/revisions"}],"wp:featuredmedia":[{"embeddable":true,"href":"https:\/\/archive.sana.sy\/es\/index.php?rest_route=\/wp\/v2\/media\/7350"}],"wp:attachment":[{"href":"https:\/\/archive.sana.sy\/es\/index.php?rest_route=%2Fwp%2Fv2%2Fmedia&parent=7349"}],"wp:term":[{"taxonomy":"category","embeddable":true,"href":"https:\/\/archive.sana.sy\/es\/index.php?rest_route=%2Fwp%2Fv2%2Fcategories&post=7349"},{"taxonomy":"post_tag","embeddable":true,"href":"https:\/\/archive.sana.sy\/es\/index.php?rest_route=%2Fwp%2Fv2%2Ftags&post=7349"}],"curies":[{"name":"wp","href":"https:\/\/api.w.org\/{rel}","templated":true}]}}