{"id":7355,"date":"2014-08-19T12:23:50","date_gmt":"2014-08-19T09:23:50","guid":{"rendered":"http:\/\/www.sana.sy\/es\/?p=7355"},"modified":"2014-08-19T12:23:50","modified_gmt":"2014-08-19T09:23:50","slug":"tres-martires-en-una-nueva-masacre-cometida-por-terroristas-en-hama","status":"publish","type":"post","link":"https:\/\/archive.sana.sy\/es\/?p=7355","title":{"rendered":"Tres m\u00e1rtires en una nueva masacre cometida por terroristas en Hama"},"content":{"rendered":"<div style=\"color: #000000\"><span lang=\"ES-TRAD\" style=\"color: #ff0000\">Hama, SANA<\/span><\/div>\n<div style=\"color: #000000\"><\/div>\n<div style=\"color: #000000\"><span lang=\"ES-TRAD\">Terroristas armados masacraron a una familia en la aldea de Kubeibat, en el campo este de la provincia de Hama.<\/span><\/div>\n<div style=\"color: #000000\"><\/div>\n<div style=\"color: #000000\"><span lang=\"ES-TRAD\">Una fuente en la Jefatura de Polic\u00eda de Hama declar\u00f3 que los terroristas se infiltraron despu\u00e9s de la medianoche del lunes, en las casas ubicadas al borde de la aldea de Kubeibat, donde se abusaron de los civiles y masacraron a una familia formada por el padre, la madre y la hija.<\/span><\/div>\n<div style=\"color: #000000\"><\/div>\n<div style=\"color: #000000\"><span lang=\"ES-TRAD\">La fuente agreg\u00f3 que unidades del ej\u00e9rcito, en colaboraci\u00f3n con los habitantes del poblado, expulsaron a los terroristas.<\/span><\/div>\n<div style=\"color: #000000\"><\/div>\n<div style=\"color: #000000\"><span style=\"color: #00ccff\">Fady M., Hala B.<\/span><\/div>\n","protected":false},"excerpt":{"rendered":"<p>Hama, SANA Terroristas armados masacraron a una familia en la aldea de Kubeibat, en el campo este de la provincia de Hama. Una fuente en la Jefatura de Polic\u00eda de Hama declar\u00f3 que los terroristas se infiltraron despu\u00e9s de la medianoche del lunes, en las casas ubicadas al borde de la aldea de Kubeibat, donde &hellip;<\/p>\n","protected":false},"author":1,"featured_media":7356,"comment_status":"closed","ping_status":"closed","sticky":false,"template":"","format":"standard","meta":{"footnotes":""},"categories":[597,476,576],"tags":[1671],"class_list":["post-7355","post","type-post","status-publish","format-standard","has-post-thumbnail","","category-cinta-de-noticias","category-locales","category-noticias-politicas","tag-tres-martires-en-una-nueva-masacre-cometida-por-terroristas-en-hama"],"_links":{"self":[{"href":"https:\/\/archive.sana.sy\/es\/index.php?rest_route=\/wp\/v2\/posts\/7355"}],"collection":[{"href":"https:\/\/archive.sana.sy\/es\/index.php?rest_route=\/wp\/v2\/posts"}],"about":[{"href":"https:\/\/archive.sana.sy\/es\/index.php?rest_route=\/wp\/v2\/types\/post"}],"author":[{"embeddable":true,"href":"https:\/\/archive.sana.sy\/es\/index.php?rest_route=\/wp\/v2\/users\/1"}],"replies":[{"embeddable":true,"href":"https:\/\/archive.sana.sy\/es\/index.php?rest_route=%2Fwp%2Fv2%2Fcomments&post=7355"}],"version-history":[{"count":0,"href":"https:\/\/archive.sana.sy\/es\/index.php?rest_route=\/wp\/v2\/posts\/7355\/revisions"}],"wp:featuredmedia":[{"embeddable":true,"href":"https:\/\/archive.sana.sy\/es\/index.php?rest_route=\/wp\/v2\/media\/7356"}],"wp:attachment":[{"href":"https:\/\/archive.sana.sy\/es\/index.php?rest_route=%2Fwp%2Fv2%2Fmedia&parent=7355"}],"wp:term":[{"taxonomy":"category","embeddable":true,"href":"https:\/\/archive.sana.sy\/es\/index.php?rest_route=%2Fwp%2Fv2%2Fcategories&post=7355"},{"taxonomy":"post_tag","embeddable":true,"href":"https:\/\/archive.sana.sy\/es\/index.php?rest_route=%2Fwp%2Fv2%2Ftags&post=7355"}],"curies":[{"name":"wp","href":"https:\/\/api.w.org\/{rel}","templated":true}]}}