{"id":73609,"date":"2017-12-05T17:13:18","date_gmt":"2017-12-05T15:13:18","guid":{"rendered":"http:\/\/www.sana.sy\/es\/?p=73609"},"modified":"2017-12-05T17:13:18","modified_gmt":"2017-12-05T15:13:18","slug":"siria-advierte-al-enemigo-israeli-de-peligrosas-secuelas-de-sus-agresiones","status":"publish","type":"post","link":"https:\/\/archive.sana.sy\/es\/?p=73609","title":{"rendered":"Siria advierte al enemigo israel\u00ed de \u2018peligrosas\u2019 secuelas de sus agresiones"},"content":{"rendered":"<p><span style=\"color: #800000\">Damasco, SANA<\/span>&#8211; Despu\u00e9s de que las fuerzas de la ocupaci\u00f3n israel\u00ed atacaran de nuevo con misiles las zonas de Al keswaha y Yemraya, en Damasco Rural, la Canciller\u00eda siria ha enviado dos cartas separadas, a la Organizaci\u00f3n de las Naciones Unidas (ONU) y al Consejo de Seguridad de las Naciones Unidas (CSNU), en que pide a esas entidades y a la comunidad internacional que adopten las medidas necesarias para \u201ccastigar\u201d al agresor, en un intento por impedir la repetici\u00f3n de semejantes actos violentos.<\/p>\n<p>Destacando el papel destructivo del enemigo israel\u00ed en la crisis de Siria, la cartera confirma que los simult\u00e1neos perpetrados por el enemigo israel\u00ed y sus socios terroristas constituyen una nueva evidencia de coordinaci\u00f3n, asociaci\u00f3n y alianza que vincula a ambas partes.<\/p>\n<p>De igual manera, el Ministerio sirio de Asuntos Exteriores resalta que el apoyo israel\u00ed prestado a los terroristas no es un secreto, ya que el enemigo israel\u00ed se ha convertido en un socio bien conocido a los grupos terroristas del Daesh y del Frente Al Nusra, entre otras organizaciones terroristas que operan en Siria, a trav\u00e9s de brindarlos todo tipo de apoyo log\u00edstico, material, sanitario y financiero.<\/p>\n<p>\u201cSiria advierte al enemigo israel\u00ed de \u201cpeligrosas repercusiones\u201d por seguir con sus agresiones y continuar apoyando a las organizaciones terroristas en Siria, y exige a las Naciones Unidas y la comunidad internacional que tomen medidas, necesarias, firmes e inmediatas para detener la flagrante agresi\u00f3n israel\u00ed y castigar a la entidad sionista por su terrorismo y su apoyo al terrorismo\u201d, agreg\u00f3.<\/p>\n<p>&nbsp;<\/p>\n<p>&nbsp;<\/p>\n<p>M\/Miri<\/p>\n","protected":false},"excerpt":{"rendered":"<p>Damasco, SANA&#8211; Despu\u00e9s de que las fuerzas de la ocupaci\u00f3n israel\u00ed atacaran de nuevo con misiles las zonas de Al keswaha y Yemraya, en Damasco Rural, la Canciller\u00eda siria ha enviado dos cartas separadas, a la Organizaci\u00f3n de las Naciones Unidas (ONU) y al Consejo de Seguridad de las Naciones Unidas (CSNU), en que pide &hellip;<\/p>\n","protected":false},"author":1,"featured_media":73610,"comment_status":"closed","ping_status":"closed","sticky":false,"template":"","format":"standard","meta":{"footnotes":""},"categories":[597,467,583,7541],"tags":[10433],"class_list":["post-73609","post","type-post","status-publish","format-standard","has-post-thumbnail","","category-cinta-de-noticias","category-siria-y-el-mundo","category-slide","category-ultimas-noticias","tag-la-cancilleria-siria"],"_links":{"self":[{"href":"https:\/\/archive.sana.sy\/es\/index.php?rest_route=\/wp\/v2\/posts\/73609"}],"collection":[{"href":"https:\/\/archive.sana.sy\/es\/index.php?rest_route=\/wp\/v2\/posts"}],"about":[{"href":"https:\/\/archive.sana.sy\/es\/index.php?rest_route=\/wp\/v2\/types\/post"}],"author":[{"embeddable":true,"href":"https:\/\/archive.sana.sy\/es\/index.php?rest_route=\/wp\/v2\/users\/1"}],"replies":[{"embeddable":true,"href":"https:\/\/archive.sana.sy\/es\/index.php?rest_route=%2Fwp%2Fv2%2Fcomments&post=73609"}],"version-history":[{"count":0,"href":"https:\/\/archive.sana.sy\/es\/index.php?rest_route=\/wp\/v2\/posts\/73609\/revisions"}],"wp:featuredmedia":[{"embeddable":true,"href":"https:\/\/archive.sana.sy\/es\/index.php?rest_route=\/wp\/v2\/media\/73610"}],"wp:attachment":[{"href":"https:\/\/archive.sana.sy\/es\/index.php?rest_route=%2Fwp%2Fv2%2Fmedia&parent=73609"}],"wp:term":[{"taxonomy":"category","embeddable":true,"href":"https:\/\/archive.sana.sy\/es\/index.php?rest_route=%2Fwp%2Fv2%2Fcategories&post=73609"},{"taxonomy":"post_tag","embeddable":true,"href":"https:\/\/archive.sana.sy\/es\/index.php?rest_route=%2Fwp%2Fv2%2Ftags&post=73609"}],"curies":[{"name":"wp","href":"https:\/\/api.w.org\/{rel}","templated":true}]}}