{"id":73740,"date":"2017-12-07T20:33:47","date_gmt":"2017-12-07T18:33:47","guid":{"rendered":"http:\/\/www.sana.sy\/es\/?p=73740"},"modified":"2017-12-07T20:33:47","modified_gmt":"2017-12-07T18:33:47","slug":"lavrov-y-tillerson-examinan-crisis-de-siria-2","status":"publish","type":"post","link":"https:\/\/archive.sana.sy\/es\/?p=73740","title":{"rendered":"Lavrov y Tillerson examinan crisis de Siria"},"content":{"rendered":"<p>Viena-SANA<\/p>\n<p>El canciller ruso Sergu\u00e9i Lavrov ha reiterado, durante una reuni\u00f3n con el secretario de Estado de los Estados Unidos, Rex Tillerson al margen de la reuni\u00f3n del Consejo Ministerial de la Organizaci\u00f3n para la Cooperaci\u00f3n y la Seguridad en Europa,\u00a0OSCE en Viena, la necesidad de respetar la soberan\u00eda, independencia y unidad territorial de Siria.<\/p>\n<p>El ministro de Exteriores de Rusia dijo en un comunicado que Lavrov, y Tillerson examinaron los horizontes del proceso de negociaciones para encontrar un arreglo pol\u00edtico a la crisis siria.<\/p>\n<p>&#8220;Las partes discutieron adem\u00e1s, los pasos pr\u00f3ximos para poner fin a la crisis mediante el establecimiento de un proceso de negociaci\u00f3n sostenible que involucre a todas las fuerzas pol\u00edticas sirias, en el marco del proceso de Ginebra y en el formato de la pr\u00f3xima Conferencia Nacional de Di\u00e1logo Sirio prevista celebrarse en Sochi, en paralelo con la derrota de los grupos terroristas internacionales &#8220;, dijo el ministerio.<\/p>\n<p>El comunicado se\u00f1ala que Lavrov ha destacado que \u00b4solo los sirios tienen el derecho de determinar su futuro\u00a8.<\/p>\n<p>Y.K.<\/p>\n","protected":false},"excerpt":{"rendered":"<p>Viena-SANA El canciller ruso Sergu\u00e9i Lavrov ha reiterado, durante una reuni\u00f3n con el secretario de Estado de los Estados Unidos, Rex Tillerson al margen de la reuni\u00f3n del Consejo Ministerial de la Organizaci\u00f3n para la Cooperaci\u00f3n y la Seguridad en Europa,\u00a0OSCE en Viena, la necesidad de respetar la soberan\u00eda, independencia y unidad territorial de Siria. &hellip;<\/p>\n","protected":false},"author":1,"featured_media":73741,"comment_status":"closed","ping_status":"closed","sticky":false,"template":"","format":"standard","meta":{"footnotes":""},"categories":[467,583,7541],"tags":[],"class_list":["post-73740","post","type-post","status-publish","format-standard","has-post-thumbnail","","category-siria-y-el-mundo","category-slide","category-ultimas-noticias"],"_links":{"self":[{"href":"https:\/\/archive.sana.sy\/es\/index.php?rest_route=\/wp\/v2\/posts\/73740"}],"collection":[{"href":"https:\/\/archive.sana.sy\/es\/index.php?rest_route=\/wp\/v2\/posts"}],"about":[{"href":"https:\/\/archive.sana.sy\/es\/index.php?rest_route=\/wp\/v2\/types\/post"}],"author":[{"embeddable":true,"href":"https:\/\/archive.sana.sy\/es\/index.php?rest_route=\/wp\/v2\/users\/1"}],"replies":[{"embeddable":true,"href":"https:\/\/archive.sana.sy\/es\/index.php?rest_route=%2Fwp%2Fv2%2Fcomments&post=73740"}],"version-history":[{"count":0,"href":"https:\/\/archive.sana.sy\/es\/index.php?rest_route=\/wp\/v2\/posts\/73740\/revisions"}],"wp:featuredmedia":[{"embeddable":true,"href":"https:\/\/archive.sana.sy\/es\/index.php?rest_route=\/wp\/v2\/media\/73741"}],"wp:attachment":[{"href":"https:\/\/archive.sana.sy\/es\/index.php?rest_route=%2Fwp%2Fv2%2Fmedia&parent=73740"}],"wp:term":[{"taxonomy":"category","embeddable":true,"href":"https:\/\/archive.sana.sy\/es\/index.php?rest_route=%2Fwp%2Fv2%2Fcategories&post=73740"},{"taxonomy":"post_tag","embeddable":true,"href":"https:\/\/archive.sana.sy\/es\/index.php?rest_route=%2Fwp%2Fv2%2Ftags&post=73740"}],"curies":[{"name":"wp","href":"https:\/\/api.w.org\/{rel}","templated":true}]}}