{"id":73747,"date":"2017-12-08T15:19:46","date_gmt":"2017-12-08T13:19:46","guid":{"rendered":"http:\/\/www.sana.sy\/es\/?p=73747"},"modified":"2017-12-08T15:19:46","modified_gmt":"2017-12-08T13:19:46","slug":"15-personas-de-kafraya-y-al-foua-previamente-secuestradas-por-terroristas-llegan-a-alepo","status":"publish","type":"post","link":"https:\/\/archive.sana.sy\/es\/?p=73747","title":{"rendered":"15 personas de Kafraya y Al-Foua, previamente secuestradas por terroristas, llegan a Alepo"},"content":{"rendered":"<p><span style=\"color: #800000\">Alepo, SANA-\u00a0<\/span>Quince personas de las ciudades de Kafraya y Al-Foua, que anteriormente fueron secuestradas por terroristas despu\u00e9s del ataque terrorista contra veh\u00edculos en la zona de Al-Rashideen en Alepo en el pasado abril, fueron liberadas y llegaron a la ciudad de Alepo el jueves por la noche.<\/p>\n<p>El corresponsal de SANA en Alepo inform\u00f3 que los grandes esfuerzos realizados por la Media Luna Roja \u00c1rabe Siria (SARC) han llevado a la liberaci\u00f3n de las personas secuestradas y a su llegada a Alepo hoy.<\/p>\n<p>El 15 de abril de 2017, decenas de personas cayeron m\u00e1rtires y cientos resultaron heridas en el ataque terrorista contra veh\u00edculos que transportaban a 5.000 civiles evacuados de las ciudades de Kafraya y Al Foua en el marco de un acuerdo que tambi\u00e9n inclu\u00eda a las ciudades de Zabadani y Madaya, en el campo de Damasco.<\/p>\n<p>Despu\u00e9s de la explosi\u00f3n, los terroristas explotaron el estado de p\u00e1nico entre los civiles, y secuestraron a varias personas y los llevaron a la ciudad de Aroum, en el campo occidental de Alepo, donde permanecieron unos ocho meses.<\/p>\n<p>&nbsp;<\/p>\n<p>M\/Miri<\/p>\n","protected":false},"excerpt":{"rendered":"<p>Alepo, SANA-\u00a0Quince personas de las ciudades de Kafraya y Al-Foua, que anteriormente fueron secuestradas por terroristas despu\u00e9s del ataque terrorista contra veh\u00edculos en la zona de Al-Rashideen en Alepo en el pasado abril, fueron liberadas y llegaron a la ciudad de Alepo el jueves por la noche. El corresponsal de SANA en Alepo inform\u00f3 que &hellip;<\/p>\n","protected":false},"author":1,"featured_media":73748,"comment_status":"closed","ping_status":"closed","sticky":false,"template":"","format":"standard","meta":{"footnotes":""},"categories":[597,573,583],"tags":[11199],"class_list":["post-73747","post","type-post","status-publish","format-standard","has-post-thumbnail","","category-cinta-de-noticias","category-la-realidad-de-los-acontecimientos-en-siria","category-slide","tag-kafraya-y-al-foua"],"_links":{"self":[{"href":"https:\/\/archive.sana.sy\/es\/index.php?rest_route=\/wp\/v2\/posts\/73747"}],"collection":[{"href":"https:\/\/archive.sana.sy\/es\/index.php?rest_route=\/wp\/v2\/posts"}],"about":[{"href":"https:\/\/archive.sana.sy\/es\/index.php?rest_route=\/wp\/v2\/types\/post"}],"author":[{"embeddable":true,"href":"https:\/\/archive.sana.sy\/es\/index.php?rest_route=\/wp\/v2\/users\/1"}],"replies":[{"embeddable":true,"href":"https:\/\/archive.sana.sy\/es\/index.php?rest_route=%2Fwp%2Fv2%2Fcomments&post=73747"}],"version-history":[{"count":0,"href":"https:\/\/archive.sana.sy\/es\/index.php?rest_route=\/wp\/v2\/posts\/73747\/revisions"}],"wp:featuredmedia":[{"embeddable":true,"href":"https:\/\/archive.sana.sy\/es\/index.php?rest_route=\/wp\/v2\/media\/73748"}],"wp:attachment":[{"href":"https:\/\/archive.sana.sy\/es\/index.php?rest_route=%2Fwp%2Fv2%2Fmedia&parent=73747"}],"wp:term":[{"taxonomy":"category","embeddable":true,"href":"https:\/\/archive.sana.sy\/es\/index.php?rest_route=%2Fwp%2Fv2%2Fcategories&post=73747"},{"taxonomy":"post_tag","embeddable":true,"href":"https:\/\/archive.sana.sy\/es\/index.php?rest_route=%2Fwp%2Fv2%2Ftags&post=73747"}],"curies":[{"name":"wp","href":"https:\/\/api.w.org\/{rel}","templated":true}]}}