{"id":73758,"date":"2017-12-08T16:02:02","date_gmt":"2017-12-08T14:02:02","guid":{"rendered":"http:\/\/www.sana.sy\/es\/?p=73758"},"modified":"2023-01-10T15:16:41","modified_gmt":"2023-01-10T13:16:41","slug":"al-khalil-al-embajador-de-sudafrica-la-reconstruccion-de-siria-una-oportunidad-para-fortalecer-la-cooperacion","status":"publish","type":"post","link":"https:\/\/archive.sana.sy\/es\/?p=73758","title":{"rendered":"Al Khalil al embajador de Sud\u00e1frica: la Reconstrucci\u00f3n de Siria: una oportunidad para fortalecer la cooperaci\u00f3n"},"content":{"rendered":"<p><span style=\"color: #800000\">Damasco, SANA<\/span>&#8211; El ministro de Econom\u00eda y Comercio Exterior, Muhammad Samer Al Khalil, dijo que la econom\u00eda nacional ha entrado en una fase de recuperaci\u00f3n, y las caracter\u00edsticas m\u00e1s importantes de esta etapa son el apoyo del Estado prestado al proceso de producci\u00f3n y el aumento en las exportaciones sirias.<\/p>\n<p>En una reuni\u00f3n con el Embajador de la Rep\u00fablica de Sud\u00e1frica en Damasco, el ministro Al Khalil explic\u00f3 que las exportaciones siria a Sud\u00e1frica son diversos productos &#8211; ropa, textiles, productos alimenticios, incluido el aceite de oliva, especias, y las importaciones a partir de ah\u00ed son los materiales necesarios para la producci\u00f3n nacional.<\/p>\n<p>El Ministro expres\u00f3 la esperanza de que las empresas sudafricanas inviertan en proyectos sirios, confirmando que la reconstrucci\u00f3n del pa\u00eds es un momento favorable para fortalecer la cooperaci\u00f3n econ\u00f3mica entre los dos pa\u00edses.<\/p>\n<p>Por su parte, el Embajador de Sud\u00e1frica hizo hincapi\u00e9 en el compromiso de su pa\u00eds para participar en la reconstrucci\u00f3n de Siria, especialmente en el \u00e1mbito del comercio, y transmiti\u00f3 el deseo de un n\u00famero de empresarios a visitar el pa\u00eds para conocer las oportunidades disponibles.<\/p>\n<p>&nbsp;<\/p>\n<p>&nbsp;<\/p>\n<p>M\/Miri<\/p>\n","protected":false},"excerpt":{"rendered":"<p>Damasco, SANA&#8211; El ministro de Econom\u00eda y Comercio Exterior, Muhammad Samer Al Khalil, dijo que la econom\u00eda nacional ha entrado en una fase de recuperaci\u00f3n, y las caracter\u00edsticas m\u00e1s importantes de esta etapa son el apoyo del Estado prestado al proceso de producci\u00f3n y el aumento en las exportaciones sirias. En una reuni\u00f3n con el &hellip;<\/p>\n","protected":false},"author":1,"featured_media":73759,"comment_status":"closed","ping_status":"closed","sticky":false,"template":"","format":"standard","meta":{"footnotes":""},"categories":[597,485,7541],"tags":[11201],"class_list":["post-73758","post","type-post","status-publish","format-standard","has-post-thumbnail","","category-cinta-de-noticias","category-informes-negocios-y-finanzas","category-ultimas-noticias","tag-muhammad-samer-al-khalil"],"_links":{"self":[{"href":"https:\/\/archive.sana.sy\/es\/index.php?rest_route=\/wp\/v2\/posts\/73758"}],"collection":[{"href":"https:\/\/archive.sana.sy\/es\/index.php?rest_route=\/wp\/v2\/posts"}],"about":[{"href":"https:\/\/archive.sana.sy\/es\/index.php?rest_route=\/wp\/v2\/types\/post"}],"author":[{"embeddable":true,"href":"https:\/\/archive.sana.sy\/es\/index.php?rest_route=\/wp\/v2\/users\/1"}],"replies":[{"embeddable":true,"href":"https:\/\/archive.sana.sy\/es\/index.php?rest_route=%2Fwp%2Fv2%2Fcomments&post=73758"}],"version-history":[{"count":0,"href":"https:\/\/archive.sana.sy\/es\/index.php?rest_route=\/wp\/v2\/posts\/73758\/revisions"}],"wp:featuredmedia":[{"embeddable":true,"href":"https:\/\/archive.sana.sy\/es\/index.php?rest_route=\/wp\/v2\/media\/73759"}],"wp:attachment":[{"href":"https:\/\/archive.sana.sy\/es\/index.php?rest_route=%2Fwp%2Fv2%2Fmedia&parent=73758"}],"wp:term":[{"taxonomy":"category","embeddable":true,"href":"https:\/\/archive.sana.sy\/es\/index.php?rest_route=%2Fwp%2Fv2%2Fcategories&post=73758"},{"taxonomy":"post_tag","embeddable":true,"href":"https:\/\/archive.sana.sy\/es\/index.php?rest_route=%2Fwp%2Fv2%2Ftags&post=73758"}],"curies":[{"name":"wp","href":"https:\/\/api.w.org\/{rel}","templated":true}]}}