{"id":73762,"date":"2017-12-08T16:17:35","date_gmt":"2017-12-08T14:17:35","guid":{"rendered":"http:\/\/www.sana.sy\/es\/?p=73762"},"modified":"2017-12-08T16:17:35","modified_gmt":"2017-12-08T14:17:35","slug":"inculpan-al-ex-director-uno-de-lafargeholcim-por-financiar-el-terrorismo-en-siria","status":"publish","type":"post","link":"https:\/\/archive.sana.sy\/es\/?p=73762","title":{"rendered":"Inculpan al ex director uno de LafargeHolcim por financiar el terrorismo en Siria"},"content":{"rendered":"<p><span style=\"color: #800000\">Par\u00eds, SANA<\/span>&#8211; El que fuera responsable ejecutivo del grupo franco-suizo LafargeHolcim, Eric Olsen, fue imputado la pasada noche en Francia por la implicaci\u00f3n de su empresa en la financiaci\u00f3n de grupos terroristas haber mantenido en actividad una planta de cemento en Siria pese a la guerra.<\/p>\n<p>Fuentes judiciales citadas por los medios indicaron que Olsen fue inculpado por financiaci\u00f3n del terrorismo y poner en peligro la vida de terceros, y que qued\u00f3 en libertad bajo control judicial.<\/p>\n<p>El ejecutivo se encontraba bajo arresto desde el pasado mi\u00e9rcoles junto a Bruno Lafont, que fue entre 2007 y 2015 presidente de Lafarge (la componente francesa de la compa\u00f1\u00eda antes de su fusi\u00f3n con la suiza Holcim), y con Christian Herrault, que hab\u00eda sido director general con responsabilidad sobre varios pa\u00edses, incluido Siria.<\/p>\n<p>Al grupo franco-suizo se le reprocha haber comprado petr\u00f3leo al grupo terrorista ( Estado Isl\u00e1mico), pese al embargo de la Uni\u00f3n Europea, y por haberle entregado dinero, a trav\u00e9s de un intermediario.<\/p>\n<p>&nbsp;<\/p>\n<p>M\/Miri<\/p>\n","protected":false},"excerpt":{"rendered":"<p>Par\u00eds, SANA&#8211; El que fuera responsable ejecutivo del grupo franco-suizo LafargeHolcim, Eric Olsen, fue imputado la pasada noche en Francia por la implicaci\u00f3n de su empresa en la financiaci\u00f3n de grupos terroristas haber mantenido en actividad una planta de cemento en Siria pese a la guerra. Fuentes judiciales citadas por los medios indicaron que Olsen &hellip;<\/p>\n","protected":false},"author":1,"featured_media":73763,"comment_status":"closed","ping_status":"closed","sticky":false,"template":"","format":"standard","meta":{"footnotes":""},"categories":[597,467,7541],"tags":[11203,11202],"class_list":["post-73762","post","type-post","status-publish","format-standard","has-post-thumbnail","","category-cinta-de-noticias","category-siria-y-el-mundo","category-ultimas-noticias","tag-eric-olsen","tag-lafargeholcim"],"_links":{"self":[{"href":"https:\/\/archive.sana.sy\/es\/index.php?rest_route=\/wp\/v2\/posts\/73762"}],"collection":[{"href":"https:\/\/archive.sana.sy\/es\/index.php?rest_route=\/wp\/v2\/posts"}],"about":[{"href":"https:\/\/archive.sana.sy\/es\/index.php?rest_route=\/wp\/v2\/types\/post"}],"author":[{"embeddable":true,"href":"https:\/\/archive.sana.sy\/es\/index.php?rest_route=\/wp\/v2\/users\/1"}],"replies":[{"embeddable":true,"href":"https:\/\/archive.sana.sy\/es\/index.php?rest_route=%2Fwp%2Fv2%2Fcomments&post=73762"}],"version-history":[{"count":0,"href":"https:\/\/archive.sana.sy\/es\/index.php?rest_route=\/wp\/v2\/posts\/73762\/revisions"}],"wp:featuredmedia":[{"embeddable":true,"href":"https:\/\/archive.sana.sy\/es\/index.php?rest_route=\/wp\/v2\/media\/73763"}],"wp:attachment":[{"href":"https:\/\/archive.sana.sy\/es\/index.php?rest_route=%2Fwp%2Fv2%2Fmedia&parent=73762"}],"wp:term":[{"taxonomy":"category","embeddable":true,"href":"https:\/\/archive.sana.sy\/es\/index.php?rest_route=%2Fwp%2Fv2%2Fcategories&post=73762"},{"taxonomy":"post_tag","embeddable":true,"href":"https:\/\/archive.sana.sy\/es\/index.php?rest_route=%2Fwp%2Fv2%2Ftags&post=73762"}],"curies":[{"name":"wp","href":"https:\/\/api.w.org\/{rel}","templated":true}]}}