{"id":73870,"date":"2017-12-11T20:40:13","date_gmt":"2017-12-11T18:40:13","guid":{"rendered":"http:\/\/www.sana.sy\/es\/?p=73870"},"modified":"2019-09-10T12:39:08","modified_gmt":"2019-09-10T09:39:08","slug":"presidente-al-assad-se-reune-con-putin-y-asegura-que-el-pueblo-sirio-nunca-olvidara-lo-que-han-hecho-los-militares-rusos","status":"publish","type":"post","link":"https:\/\/archive.sana.sy\/es\/?p=73870","title":{"rendered":"Presidente Al-Assad se re\u00fane con Putin y asegura que el pueblo sirio nunca olvidar\u00e1 lo que han hecho los militares rusos"},"content":{"rendered":"<p>Latakia, SANA<\/p>\n<p>Los presidentes Bashar Al-Assad y Vladimir Putin sostuvieron un encuentro en la base a\u00e9rea rusa de Hemeimem en la provincia costera siria de Latakia.<\/p>\n<p>Estuvieron presentes en el encuentro, el ministro de Defensa de Rusia, Sergu\u00e9i Shoig\u00fa, y el comandante del grupo militar ruso en el pa\u00eds \u00e1rabe, Sergu\u00e9i Surovikin.<\/p>\n<p>Asimismo, ambos l\u00edderes revistaron las tropas rusas en la base, en presencia del ministro Shoig\u00fa y del Jefe del Estadop Mayor del Ej\u00e9rcito sirio.<\/p>\n<p><img decoding=\"async\" src=\"http:\/\/www.sana.sy\/wp-content\/uploads\/2017\/12\/2-131-300x185.jpg\" \/><\/p>\n<p>El presidente Al-Assad agradeci\u00f3 a su hom\u00f3logo ruso por la efectiva participaci\u00f3n rusa en la lucha contra el terrorismo en Siria, y recalc\u00f3 que el pueblo sirio nunca olvidar\u00e1 lo que han hecho los militares rusos.<\/p>\n<p><img decoding=\"async\" src=\"http:\/\/www.sana.sy\/wp-content\/uploads\/2017\/12\/1-297-300x185.jpg\" \/><\/p>\n<p>Agreg\u00f3 que los soldados rusos y sirios lucharon codo a codo y dieron sus vidas juntos en los combates contra los terroristas, indicando que esa sangre derramada es sobre el suelo de Siria es m\u00e1s fuerte que el terrorismo y sus mercenarios.<\/p>\n<p>Precis\u00f3 que la memoria de los m\u00e1rtires de los dos heroicos ej\u00e9rcitos y sus sacrificios seguir\u00e1n siendo para siempre un faro que gu\u00eda e ilumina para las generaciones futuras.<\/p>\n<p>El presidente al Assad subray\u00f3 que la visita del presiente Putin a Siria forma una oportunidad para abordar la segunda fase de la lucha contra el terrorismo, y al mismo tiempo abordar el proceso pol\u00edtico en Siria, considerando que los grandes logros conseguidos en la lucha contra el terrorismo abre el camino ante el trabajo pol\u00edtico, y encontrar una soluci\u00f3n pac\u00edfica que detenga el derrame de sangre de los sirios e instaure la seguridad en la patria.<\/p>\n<p>Al intervenir ante los militares, Putin orden\u00f3 al ministro de Defensa y al jefe del Estado Mayor proceder a la retirada de la mayor parte del contingente militar ruso desplegado en Siria.<\/p>\n<p><img decoding=\"async\" src=\"http:\/\/www.sana.sy\/wp-content\/uploads\/2017\/12\/3-109-300x185.jpg\" \/><\/p>\n<p>Destac\u00f3 que &#8220;en un poco m\u00e1s de dos a\u00f1os, las Fuerzas Armadas de Rusia junto con el Ej\u00e9rcito de Siria derrotaron el grupo m\u00e1s combativo de los terroristas internacionales&#8221;.<\/p>\n<p>El mandatario ruso agreg\u00f3 que los militares rusos &#8220;regresan victoriosos a sus hogares&#8221;, y que Rusia nunca olvidar\u00e1 las p\u00e9rdidas humanas que sufri\u00f3 en la lucha contra el terrorismo en territorio ruso y sirio.<\/p>\n<p>El presidente ruso se\u00f1al\u00f3 que su pa\u00eds contin\u00faa sus esfuerzos para apoyar el proceso pol\u00edtico mediante la colaboraci\u00f3n con el gobierno sirio y todas las partes relacionadas, para ayudar al pueblo sirio a determinar su futuro por su propia voluntad.<\/p>\n<p>&nbsp;<\/p>\n<p><span style=\"color: #0000ff;\">Fady Marouf\/ Dr. A. Shaban, Akram. S<\/span><\/p>\n<p>&nbsp;<\/p>\n<p><img decoding=\"async\" src=\"http:\/\/www.sana.sy\/wp-content\/uploads\/2017\/12\/1-300-1024x613.jpg\" \/><\/p>\n<p>https:\/\/youtu.be\/QWBGtXINXIk<\/p>\n<p>https:\/\/youtu.be\/-IovYoJXqkw<\/p>\n<p>&nbsp;<\/p>\n<p><img loading=\"lazy\" decoding=\"async\" class=\"alignnone size-full wp-image-73911\" src=\"http:\/\/www.sana.sy\/es\/wp-content\/uploads\/2017\/12\/1-300-150x90.jpg\" alt=\"\" width=\"150\" height=\"90\" \/>\u00a0<img loading=\"lazy\" decoding=\"async\" class=\"alignnone size-full wp-image-73912\" src=\"http:\/\/www.sana.sy\/es\/wp-content\/uploads\/2017\/12\/12-38-150x84.jpg\" alt=\"\" width=\"150\" height=\"84\" \/>\u00a0<img loading=\"lazy\" decoding=\"async\" class=\"alignnone size-full wp-image-73913\" src=\"http:\/\/www.sana.sy\/es\/wp-content\/uploads\/2017\/12\/2-137-150x84.jpg\" alt=\"\" width=\"150\" height=\"84\" \/><\/p>\n<p>&nbsp;<\/p>\n<p>&nbsp;<\/p>\n<p>&nbsp;<\/p>\n","protected":false},"excerpt":{"rendered":"<p>Latakia, SANA Los presidentes Bashar Al-Assad y Vladimir Putin sostuvieron un encuentro en la base a\u00e9rea rusa de Hemeimem en la provincia costera siria de Latakia. Estuvieron presentes en el encuentro, el ministro de Defensa de Rusia, Sergu\u00e9i Shoig\u00fa, y el comandante del grupo militar ruso en el pa\u00eds \u00e1rabe, Sergu\u00e9i Surovikin. Asimismo, ambos l\u00edderes &hellip;<\/p>\n","protected":false},"author":1,"featured_media":73890,"comment_status":"closed","ping_status":"closed","sticky":false,"template":"","format":"standard","meta":{"footnotes":""},"categories":[597,456,16237,583,7541],"tags":[11212],"class_list":["post-73870","post","type-post","status-publish","format-standard","has-post-thumbnail","","category-cinta-de-noticias","category-arabe-internacional-politica","category-presidence-de-la-republique-arabe-syria","category-slide","category-ultimas-noticias","tag-presidente-al-assad-se-reune-con-putin-y-asegura-que-el-pueblo-sirio-nunca-olvidara-lo-que-han-hecho-los-militares-rusos"],"_links":{"self":[{"href":"https:\/\/archive.sana.sy\/es\/index.php?rest_route=\/wp\/v2\/posts\/73870"}],"collection":[{"href":"https:\/\/archive.sana.sy\/es\/index.php?rest_route=\/wp\/v2\/posts"}],"about":[{"href":"https:\/\/archive.sana.sy\/es\/index.php?rest_route=\/wp\/v2\/types\/post"}],"author":[{"embeddable":true,"href":"https:\/\/archive.sana.sy\/es\/index.php?rest_route=\/wp\/v2\/users\/1"}],"replies":[{"embeddable":true,"href":"https:\/\/archive.sana.sy\/es\/index.php?rest_route=%2Fwp%2Fv2%2Fcomments&post=73870"}],"version-history":[{"count":0,"href":"https:\/\/archive.sana.sy\/es\/index.php?rest_route=\/wp\/v2\/posts\/73870\/revisions"}],"wp:featuredmedia":[{"embeddable":true,"href":"https:\/\/archive.sana.sy\/es\/index.php?rest_route=\/wp\/v2\/media\/73890"}],"wp:attachment":[{"href":"https:\/\/archive.sana.sy\/es\/index.php?rest_route=%2Fwp%2Fv2%2Fmedia&parent=73870"}],"wp:term":[{"taxonomy":"category","embeddable":true,"href":"https:\/\/archive.sana.sy\/es\/index.php?rest_route=%2Fwp%2Fv2%2Fcategories&post=73870"},{"taxonomy":"post_tag","embeddable":true,"href":"https:\/\/archive.sana.sy\/es\/index.php?rest_route=%2Fwp%2Fv2%2Ftags&post=73870"}],"curies":[{"name":"wp","href":"https:\/\/api.w.org\/{rel}","templated":true}]}}