{"id":73898,"date":"2017-12-11T19:35:58","date_gmt":"2017-12-11T17:35:58","guid":{"rendered":"http:\/\/www.sana.sy\/es\/?p=73898"},"modified":"2017-12-11T19:35:58","modified_gmt":"2017-12-11T17:35:58","slug":"rusia-y-egipto-afirman-apoyo-a-solucion-politica-a-crisis-siria","status":"publish","type":"post","link":"https:\/\/archive.sana.sy\/es\/?p=73898","title":{"rendered":"Rusia y Egipto afirman apoyo a soluci\u00f3n pol\u00edtica a crisis siria"},"content":{"rendered":"<p>EL Cairo-SANA<\/p>\n<p>Los presidentes de Rusia y Egipto Vladimir Putin y Abdel Fattah el-Sisi han afirmado su apoyo para alcanzar una soluci\u00f3n pol\u00edtica a la crisis de Siria.<\/p>\n<p>&#8220;He informado al presidente de Egipto, sobre los esfuerzos que est\u00e1 realizando Rusia para solventar la crisis de Siria&#8221;, dijo Putin durante una conferencia de prensa celebrada despu\u00e9s de sus conversaciones con el presidente egipcio.<\/p>\n<p>\u00b4Casi todo el territorio de Siria ha sido liberado de los terroristas, con apoyo de las fuerzas aeroespaciales rusas\u00a8, agreg\u00f3 Putin.<\/p>\n<p>El presidente ruso, dijo que \u00e9l hab\u00eda acordado con el presidente egipcio sobre el fortalecimiento de la coordinaci\u00f3n para alcanzar la soluci\u00f3n pol\u00edtica en Siria.<\/p>\n<p>Por su parte, el presidente egipcio destac\u00f3 que ambos l\u00edderes acordaron la necesidad de resolver la crisis de Siria.<\/p>\n<p>Y.K.<\/p>\n","protected":false},"excerpt":{"rendered":"<p>EL Cairo-SANA Los presidentes de Rusia y Egipto Vladimir Putin y Abdel Fattah el-Sisi han afirmado su apoyo para alcanzar una soluci\u00f3n pol\u00edtica a la crisis de Siria. &#8220;He informado al presidente de Egipto, sobre los esfuerzos que est\u00e1 realizando Rusia para solventar la crisis de Siria&#8221;, dijo Putin durante una conferencia de prensa celebrada &hellip;<\/p>\n","protected":false},"author":1,"featured_media":73900,"comment_status":"closed","ping_status":"closed","sticky":false,"template":"","format":"standard","meta":{"footnotes":""},"categories":[467,583,7541],"tags":[],"class_list":["post-73898","post","type-post","status-publish","format-standard","has-post-thumbnail","","category-siria-y-el-mundo","category-slide","category-ultimas-noticias"],"_links":{"self":[{"href":"https:\/\/archive.sana.sy\/es\/index.php?rest_route=\/wp\/v2\/posts\/73898"}],"collection":[{"href":"https:\/\/archive.sana.sy\/es\/index.php?rest_route=\/wp\/v2\/posts"}],"about":[{"href":"https:\/\/archive.sana.sy\/es\/index.php?rest_route=\/wp\/v2\/types\/post"}],"author":[{"embeddable":true,"href":"https:\/\/archive.sana.sy\/es\/index.php?rest_route=\/wp\/v2\/users\/1"}],"replies":[{"embeddable":true,"href":"https:\/\/archive.sana.sy\/es\/index.php?rest_route=%2Fwp%2Fv2%2Fcomments&post=73898"}],"version-history":[{"count":0,"href":"https:\/\/archive.sana.sy\/es\/index.php?rest_route=\/wp\/v2\/posts\/73898\/revisions"}],"wp:featuredmedia":[{"embeddable":true,"href":"https:\/\/archive.sana.sy\/es\/index.php?rest_route=\/wp\/v2\/media\/73900"}],"wp:attachment":[{"href":"https:\/\/archive.sana.sy\/es\/index.php?rest_route=%2Fwp%2Fv2%2Fmedia&parent=73898"}],"wp:term":[{"taxonomy":"category","embeddable":true,"href":"https:\/\/archive.sana.sy\/es\/index.php?rest_route=%2Fwp%2Fv2%2Fcategories&post=73898"},{"taxonomy":"post_tag","embeddable":true,"href":"https:\/\/archive.sana.sy\/es\/index.php?rest_route=%2Fwp%2Fv2%2Ftags&post=73898"}],"curies":[{"name":"wp","href":"https:\/\/api.w.org\/{rel}","templated":true}]}}