{"id":73902,"date":"2017-12-11T20:11:45","date_gmt":"2017-12-11T18:11:45","guid":{"rendered":"http:\/\/www.sana.sy\/es\/?p=73902"},"modified":"2017-12-11T20:11:45","modified_gmt":"2017-12-11T18:11:45","slug":"al-miqdad-subraya-el-compromiso-de-siria-con-los-principios-de-la-ley-internacional-humanitaria","status":"publish","type":"post","link":"https:\/\/archive.sana.sy\/es\/?p=73902","title":{"rendered":"Al Miqdad subraya el compromiso de Siria con los principios de la ley  internacional humanitaria"},"content":{"rendered":"<p>Damasco- SANA<\/p>\n<p>El viceministro de Exteriores, jefe del Comit\u00e9 Nacional Sirio de la Ley Internacional Humanitaria, Faisal al Miqdad, reiter\u00f3 el compromiso de Siria con la aplicaci\u00f3n de los principios de la ley internacional humanitaria.<\/p>\n<p>Al Miqdad afirm\u00f3 durante una sesi\u00f3n de trabajo celebrada en el Hotel Sheraton que Siria con sus instituciones nacionales difunde los principios de la ley internacional humanitaria, y expres\u00f3 el orgullo de Siria por el compromiso de su Ej\u00e9rcito y las fuerzas aliadas con la ley internacional humanitaria en todas las batallas libradas contra el terrorismo.<\/p>\n<p>\u201cNosotros en Siria aplicamos la ley internacional humanitaria de forma efectiva, mientras que la Coalici\u00f3n Internacional \u2013 que finge respetar la ley internacional- nos trae la muerte, la destrucci\u00f3n y los aviones que realizan incursiones contra los civiles, matan a los ni\u00f1os y mujeres, y destruyen las ciudades, tal y como pas\u00f3 en al Raqqa\u201d, se\u00f1al\u00f3 al Miqdad.<\/p>\n<p>El vicecanciller subray\u00f3 que esta sesi\u00f3n de trabajo es una oportunidad nueva para que Siria exprese su compromiso con la ley internacional humanitaria, mediante la instituci\u00f3n patrocinadora que es el Ej\u00e9rcito \u00c1rabe Sirio que defiende la patria y cumple estrictamente las reglas de la legitimidad internacional y la ley internacional humanitaria.<\/p>\n<p>Por su parte, la vicepresidenta de la misi\u00f3n del Comit\u00e9 Internacional de Cruz Roja en Siria, Valeria Gamboni, se\u00f1al\u00f3 que el objetivo de estas sesiones es dar a conocer la ley internacional humanitaria y difundir sus principios, aludiendo al trabajo y colaboraci\u00f3n continua con los ministerios de Defensa y Exteriores en este \u00e1mbito.<\/p>\n<p>&nbsp;<\/p>\n<p><span style=\"color: #0000ff;\">Akram. S<\/span><\/p>\n","protected":false},"excerpt":{"rendered":"<p>Damasco- SANA El viceministro de Exteriores, jefe del Comit\u00e9 Nacional Sirio de la Ley Internacional Humanitaria, Faisal al Miqdad, reiter\u00f3 el compromiso de Siria con la aplicaci\u00f3n de los principios de la ley internacional humanitaria. Al Miqdad afirm\u00f3 durante una sesi\u00f3n de trabajo celebrada en el Hotel Sheraton que Siria con sus instituciones nacionales difunde &hellip;<\/p>\n","protected":false},"author":1,"featured_media":73903,"comment_status":"closed","ping_status":"closed","sticky":false,"template":"","format":"standard","meta":{"footnotes":""},"categories":[597,476,7541],"tags":[],"class_list":["post-73902","post","type-post","status-publish","format-standard","has-post-thumbnail","","category-cinta-de-noticias","category-locales","category-ultimas-noticias"],"_links":{"self":[{"href":"https:\/\/archive.sana.sy\/es\/index.php?rest_route=\/wp\/v2\/posts\/73902"}],"collection":[{"href":"https:\/\/archive.sana.sy\/es\/index.php?rest_route=\/wp\/v2\/posts"}],"about":[{"href":"https:\/\/archive.sana.sy\/es\/index.php?rest_route=\/wp\/v2\/types\/post"}],"author":[{"embeddable":true,"href":"https:\/\/archive.sana.sy\/es\/index.php?rest_route=\/wp\/v2\/users\/1"}],"replies":[{"embeddable":true,"href":"https:\/\/archive.sana.sy\/es\/index.php?rest_route=%2Fwp%2Fv2%2Fcomments&post=73902"}],"version-history":[{"count":0,"href":"https:\/\/archive.sana.sy\/es\/index.php?rest_route=\/wp\/v2\/posts\/73902\/revisions"}],"wp:featuredmedia":[{"embeddable":true,"href":"https:\/\/archive.sana.sy\/es\/index.php?rest_route=\/wp\/v2\/media\/73903"}],"wp:attachment":[{"href":"https:\/\/archive.sana.sy\/es\/index.php?rest_route=%2Fwp%2Fv2%2Fmedia&parent=73902"}],"wp:term":[{"taxonomy":"category","embeddable":true,"href":"https:\/\/archive.sana.sy\/es\/index.php?rest_route=%2Fwp%2Fv2%2Fcategories&post=73902"},{"taxonomy":"post_tag","embeddable":true,"href":"https:\/\/archive.sana.sy\/es\/index.php?rest_route=%2Fwp%2Fv2%2Ftags&post=73902"}],"curies":[{"name":"wp","href":"https:\/\/api.w.org\/{rel}","templated":true}]}}