{"id":73906,"date":"2017-12-11T20:23:38","date_gmt":"2017-12-11T18:23:38","guid":{"rendered":"http:\/\/www.sana.sy\/es\/?p=73906"},"modified":"2017-12-11T20:23:38","modified_gmt":"2017-12-11T18:23:38","slug":"varios-heridos-por-ataques-terroristas-con-cohetes-en-deraa-en-una-violacion-al-acuerdo-de-distension-en-la-region-surena","status":"publish","type":"post","link":"https:\/\/archive.sana.sy\/es\/?p=73906","title":{"rendered":"Varios heridos por ataques terroristas con cohetes en Deraa en una violaci\u00f3n al acuerdo de distensi\u00f3n en la regi\u00f3n sure\u00f1a"},"content":{"rendered":"<p>&nbsp;<\/p>\n<p><span style=\"color: #800000;\">Deraa-SANA<\/span><\/p>\n<p>Los grupos armados atacaron con cohetes la ciudad de Deraa en una nueva violaci\u00f3n al acuerdo de distensi\u00f3n en la regi\u00f3n sure\u00f1a.<\/p>\n<p>El corresponsal de SANA se\u00f1al\u00f3 que los grupos armadas lanzaron cohetes contra la Rotonda de los Correos en el centro de la ciudad, lo que caus\u00f3 varios heridos, que fueron ingresados en el hospital.<\/p>\n<p>Una unidad del Ej\u00e9rcito Sirio lanz\u00f3 ataques precisos y concentrados contra el lugar de los ataques, lo que caus\u00f3 la destrucci\u00f3n de varios lanzacohetes y p\u00e9rdidas en filas de los grupos armados.<\/p>\n<p>&nbsp;<\/p>\n<p><span style=\"color: #0000ff;\">Akram. S<\/span><\/p>\n","protected":false},"excerpt":{"rendered":"<p>&nbsp; Deraa-SANA Los grupos armados atacaron con cohetes la ciudad de Deraa en una nueva violaci\u00f3n al acuerdo de distensi\u00f3n en la regi\u00f3n sure\u00f1a. El corresponsal de SANA se\u00f1al\u00f3 que los grupos armadas lanzaron cohetes contra la Rotonda de los Correos en el centro de la ciudad, lo que caus\u00f3 varios heridos, que fueron ingresados &hellip;<\/p>\n","protected":false},"author":1,"featured_media":73907,"comment_status":"closed","ping_status":"closed","sticky":false,"template":"","format":"standard","meta":{"footnotes":""},"categories":[597,573,476,583,7541],"tags":[],"class_list":["post-73906","post","type-post","status-publish","format-standard","has-post-thumbnail","","category-cinta-de-noticias","category-la-realidad-de-los-acontecimientos-en-siria","category-locales","category-slide","category-ultimas-noticias"],"_links":{"self":[{"href":"https:\/\/archive.sana.sy\/es\/index.php?rest_route=\/wp\/v2\/posts\/73906"}],"collection":[{"href":"https:\/\/archive.sana.sy\/es\/index.php?rest_route=\/wp\/v2\/posts"}],"about":[{"href":"https:\/\/archive.sana.sy\/es\/index.php?rest_route=\/wp\/v2\/types\/post"}],"author":[{"embeddable":true,"href":"https:\/\/archive.sana.sy\/es\/index.php?rest_route=\/wp\/v2\/users\/1"}],"replies":[{"embeddable":true,"href":"https:\/\/archive.sana.sy\/es\/index.php?rest_route=%2Fwp%2Fv2%2Fcomments&post=73906"}],"version-history":[{"count":0,"href":"https:\/\/archive.sana.sy\/es\/index.php?rest_route=\/wp\/v2\/posts\/73906\/revisions"}],"wp:featuredmedia":[{"embeddable":true,"href":"https:\/\/archive.sana.sy\/es\/index.php?rest_route=\/wp\/v2\/media\/73907"}],"wp:attachment":[{"href":"https:\/\/archive.sana.sy\/es\/index.php?rest_route=%2Fwp%2Fv2%2Fmedia&parent=73906"}],"wp:term":[{"taxonomy":"category","embeddable":true,"href":"https:\/\/archive.sana.sy\/es\/index.php?rest_route=%2Fwp%2Fv2%2Fcategories&post=73906"},{"taxonomy":"post_tag","embeddable":true,"href":"https:\/\/archive.sana.sy\/es\/index.php?rest_route=%2Fwp%2Fv2%2Ftags&post=73906"}],"curies":[{"name":"wp","href":"https:\/\/api.w.org\/{rel}","templated":true}]}}