{"id":73918,"date":"2017-12-12T09:23:00","date_gmt":"2017-12-12T07:23:00","guid":{"rendered":"http:\/\/www.sana.sy\/es\/?p=73918"},"modified":"2017-12-12T10:26:15","modified_gmt":"2017-12-12T08:26:15","slug":"shoigu-los-militares-rusos-en-siria-han-empezado-a-retornar-a-la-patria","status":"publish","type":"post","link":"https:\/\/archive.sana.sy\/es\/?p=73918","title":{"rendered":"Shoig\u00fa: los militares rusos en Siria han empezado a retornar a la patria"},"content":{"rendered":"<p><span style=\"color: #800000;\">Mosc\u00fa, SANA<\/span><\/p>\n<p>El ministro de Defensa de Rusia, Sergu\u00e9i Shoig\u00fa, anunci\u00f3 que los soldados de las Fuerzas Armadas rusas, a los que afecta la orden de retirada del presidente Vlad\u00edmir Putin, han comenzado a salir de Siria\u201d.<\/p>\n<p>Citado por la agencia Sputnik, el ministro ruso coment\u00f3 a los periodistas que el regreso de los soldados depend\u00eda de c\u00f3mo estuviera la situaci\u00f3n.<\/p>\n<p>El 11 de diciembre el presidente ruso Vlad\u00edmir Putin anunci\u00f3 durante su visita a la base a\u00e9rea de Hemeimem en Latakia, que dio la orden para la salida del contingente militar ruso de Siria.<\/p>\n<p><span style=\"color: #0000ff;\">F. Marouf\/ Dr. A. Shaban<\/span><\/p>\n","protected":false},"excerpt":{"rendered":"<p>Mosc\u00fa, SANA El ministro de Defensa de Rusia, Sergu\u00e9i Shoig\u00fa, anunci\u00f3 que los soldados de las Fuerzas Armadas rusas, a los que afecta la orden de retirada del presidente Vlad\u00edmir Putin, han comenzado a salir de Siria\u201d. Citado por la agencia Sputnik, el ministro ruso coment\u00f3 a los periodistas que el regreso de los soldados &hellip;<\/p>\n","protected":false},"author":1,"featured_media":73919,"comment_status":"closed","ping_status":"closed","sticky":false,"template":"","format":"standard","meta":{"footnotes":""},"categories":[597,467,7541],"tags":[11216],"class_list":["post-73918","post","type-post","status-publish","format-standard","has-post-thumbnail","","category-cinta-de-noticias","category-siria-y-el-mundo","category-ultimas-noticias","tag-shoigu-los-militares-rusos-en-siria-han-empezado-a-retornar-a-la-patria"],"_links":{"self":[{"href":"https:\/\/archive.sana.sy\/es\/index.php?rest_route=\/wp\/v2\/posts\/73918"}],"collection":[{"href":"https:\/\/archive.sana.sy\/es\/index.php?rest_route=\/wp\/v2\/posts"}],"about":[{"href":"https:\/\/archive.sana.sy\/es\/index.php?rest_route=\/wp\/v2\/types\/post"}],"author":[{"embeddable":true,"href":"https:\/\/archive.sana.sy\/es\/index.php?rest_route=\/wp\/v2\/users\/1"}],"replies":[{"embeddable":true,"href":"https:\/\/archive.sana.sy\/es\/index.php?rest_route=%2Fwp%2Fv2%2Fcomments&post=73918"}],"version-history":[{"count":0,"href":"https:\/\/archive.sana.sy\/es\/index.php?rest_route=\/wp\/v2\/posts\/73918\/revisions"}],"wp:featuredmedia":[{"embeddable":true,"href":"https:\/\/archive.sana.sy\/es\/index.php?rest_route=\/wp\/v2\/media\/73919"}],"wp:attachment":[{"href":"https:\/\/archive.sana.sy\/es\/index.php?rest_route=%2Fwp%2Fv2%2Fmedia&parent=73918"}],"wp:term":[{"taxonomy":"category","embeddable":true,"href":"https:\/\/archive.sana.sy\/es\/index.php?rest_route=%2Fwp%2Fv2%2Fcategories&post=73918"},{"taxonomy":"post_tag","embeddable":true,"href":"https:\/\/archive.sana.sy\/es\/index.php?rest_route=%2Fwp%2Fv2%2Ftags&post=73918"}],"curies":[{"name":"wp","href":"https:\/\/api.w.org\/{rel}","templated":true}]}}