{"id":7432,"date":"2014-08-19T22:32:38","date_gmt":"2014-08-19T19:32:38","guid":{"rendered":"http:\/\/www.sana.sy\/es\/?p=7432"},"modified":"2014-08-19T22:33:00","modified_gmt":"2014-08-19T19:33:00","slug":"ministra-mechaweh-el-gobierno-esta-haciendo-el-maximo-esfuerzo-para-preservar-el-patrimonio-de-siria","status":"publish","type":"post","link":"https:\/\/archive.sana.sy\/es\/?p=7432","title":{"rendered":"Ministra Mechaweh: El gobierno est\u00e1 haciendo el m\u00e1ximo esfuerzo para preservar el patrimonio de Siria"},"content":{"rendered":"<p style=\"text-align: justify\"><span style=\"color: #800000\">Damasco, SANA<\/span><\/p>\n<p style=\"text-align: justify\">La Ministra de Cultura en el gobierno interino, Lubana Mechaweh, examin\u00f3 con una delegaci\u00f3n de la Asociaci\u00f3n de Socorro de los Cristianos Orientales, las acciones y los esfuerzos por el departamento para la protecci\u00f3n de los restos y antiguos lugares de los ataques de las redes terroristas armados.<\/p>\n<p style=\"text-align: justify\">La Ministra asegur\u00f3 a la delegaci\u00f3n la determinaci\u00f3n del pueblo sirio para luchar y defender sus territorios contra la feroz ofensiva que est\u00e1 expuesto el pa\u00eds.<\/p>\n<p style=\"text-align: justify\">&#8220;El gobierno est\u00e1 haciendo todo lo posible para preservar el patrimonio arqueol\u00f3gico de Siria mediante la adopci\u00f3n de medidas preventivas con el fin de proteger los sitios y restos antiguos,&#8221; Expres\u00f3 la Funcionaria siria.<\/p>\n<p style=\"text-align: justify\">Por su parte, el jefe de la delegaci\u00f3n, Benjamin Blanchard, destac\u00f3 la valent\u00eda del pueblo sirio y su determinaci\u00f3n de reconstruir su pa\u00eds.<\/p>\n<p style=\"text-align: justify\">Asimismo, dijo que el trabajo de la Asociaci\u00f3n se centra en Irak y Siria, a trav\u00e9s de distribuir subsidios a las familias desplazadas, adem\u00e1s de su prestaci\u00f3n para construir la iglesia de San Jorge en Malula.<\/p>\n<p style=\"text-align: justify\"><span style=\"color: #0000ff\">Ghifar Al.<\/span><\/p>\n","protected":false},"excerpt":{"rendered":"<p>Damasco, SANA La Ministra de Cultura en el gobierno interino, Lubana Mechaweh, examin\u00f3 con una delegaci\u00f3n de la Asociaci\u00f3n de Socorro de los Cristianos Orientales, las acciones y los esfuerzos por el departamento para la protecci\u00f3n de los restos y antiguos lugares de los ataques de las redes terroristas armados. La Ministra asegur\u00f3 a la &hellip;<\/p>\n","protected":false},"author":1,"featured_media":7433,"comment_status":"closed","ping_status":"closed","sticky":false,"template":"","format":"standard","meta":{"footnotes":""},"categories":[510,515],"tags":[1690],"class_list":["post-7432","post","type-post","status-publish","format-standard","has-post-thumbnail","","category-arte-y-cultura","category-noticias-arte-y-cultura","tag-ministra-mechaweh-el-gobierno-esta-haciendo-el-maximo-esfuerzo-para-preservar-el-patrimonio-de-siria"],"_links":{"self":[{"href":"https:\/\/archive.sana.sy\/es\/index.php?rest_route=\/wp\/v2\/posts\/7432"}],"collection":[{"href":"https:\/\/archive.sana.sy\/es\/index.php?rest_route=\/wp\/v2\/posts"}],"about":[{"href":"https:\/\/archive.sana.sy\/es\/index.php?rest_route=\/wp\/v2\/types\/post"}],"author":[{"embeddable":true,"href":"https:\/\/archive.sana.sy\/es\/index.php?rest_route=\/wp\/v2\/users\/1"}],"replies":[{"embeddable":true,"href":"https:\/\/archive.sana.sy\/es\/index.php?rest_route=%2Fwp%2Fv2%2Fcomments&post=7432"}],"version-history":[{"count":0,"href":"https:\/\/archive.sana.sy\/es\/index.php?rest_route=\/wp\/v2\/posts\/7432\/revisions"}],"wp:featuredmedia":[{"embeddable":true,"href":"https:\/\/archive.sana.sy\/es\/index.php?rest_route=\/wp\/v2\/media\/7433"}],"wp:attachment":[{"href":"https:\/\/archive.sana.sy\/es\/index.php?rest_route=%2Fwp%2Fv2%2Fmedia&parent=7432"}],"wp:term":[{"taxonomy":"category","embeddable":true,"href":"https:\/\/archive.sana.sy\/es\/index.php?rest_route=%2Fwp%2Fv2%2Fcategories&post=7432"},{"taxonomy":"post_tag","embeddable":true,"href":"https:\/\/archive.sana.sy\/es\/index.php?rest_route=%2Fwp%2Fv2%2Ftags&post=7432"}],"curies":[{"name":"wp","href":"https:\/\/api.w.org\/{rel}","templated":true}]}}