{"id":7452,"date":"2014-08-20T14:21:39","date_gmt":"2014-08-20T11:21:39","guid":{"rendered":"http:\/\/www.sana.sy\/es\/?p=7452"},"modified":"2023-01-10T15:29:16","modified_gmt":"2023-01-10T13:29:16","slug":"orfali-syria-motex-ii-representa-un-exito-para-la-marcha-de-la-economia-siria","status":"publish","type":"post","link":"https:\/\/archive.sana.sy\/es\/?p=7452","title":{"rendered":"Orfali: &#8220;Syria-Motex II&#8221; representa un \u00e9xito para la marcha de la econom\u00eda siria"},"content":{"rendered":"<p>Damasco, SANA<\/p>\n<p>El ministro de Econom\u00eda y Comercio Exterior en el gobierno interino, Khader Orfali, dijo que su ministerio apoya y alienta la organizaci\u00f3n de exposiciones y ferias, en colaboraci\u00f3n con los diferentes organismos de los sectores, p\u00fablico y privado.<\/p>\n<p>En una declaraci\u00f3n a la prensa, el ministro Orfali dijo que la feria Syria-Motex II, constituye un \u00e9xito para la marcha de la econom\u00eda siria teniendo en cuenta las dif\u00edciles condiciones debido al bloqueo.<\/p>\n<p>El titular sirio dijo que los productos textiles y las prendas de vestir exhibidas en la feria representan lo mejor de la industria siria.<\/p>\n<p>Cabe resaltar que se clausur\u00f3 en la capital libanesa de Beirut, la segunda edici\u00f3n de la Feria &#8220;Syria-Motex II&#8221;, en la que participaron 200 empresas sirias especializadas en las industrias textiles.<br \/>\nFady M., Lynn A.<\/p>\n","protected":false},"excerpt":{"rendered":"<p>Damasco, SANA El ministro de Econom\u00eda y Comercio Exterior en el gobierno interino, Khader Orfali, dijo que su ministerio apoya y alienta la organizaci\u00f3n de exposiciones y ferias, en colaboraci\u00f3n con los diferentes organismos de los sectores, p\u00fablico y privado. En una declaraci\u00f3n a la prensa, el ministro Orfali dijo que la feria Syria-Motex II, &hellip;<\/p>\n","protected":false},"author":24,"featured_media":7453,"comment_status":"closed","ping_status":"closed","sticky":false,"template":"","format":"standard","meta":{"footnotes":""},"categories":[447,485],"tags":[1694],"class_list":["post-7452","post","type-post","status-publish","format-standard","has-post-thumbnail","","category-local-politica","category-informes-negocios-y-finanzas","tag-orfali-syria-motex-ii-representa-un-exito-para-la-marcha-de-la-economia-siria"],"_links":{"self":[{"href":"https:\/\/archive.sana.sy\/es\/index.php?rest_route=\/wp\/v2\/posts\/7452"}],"collection":[{"href":"https:\/\/archive.sana.sy\/es\/index.php?rest_route=\/wp\/v2\/posts"}],"about":[{"href":"https:\/\/archive.sana.sy\/es\/index.php?rest_route=\/wp\/v2\/types\/post"}],"author":[{"embeddable":true,"href":"https:\/\/archive.sana.sy\/es\/index.php?rest_route=\/wp\/v2\/users\/24"}],"replies":[{"embeddable":true,"href":"https:\/\/archive.sana.sy\/es\/index.php?rest_route=%2Fwp%2Fv2%2Fcomments&post=7452"}],"version-history":[{"count":0,"href":"https:\/\/archive.sana.sy\/es\/index.php?rest_route=\/wp\/v2\/posts\/7452\/revisions"}],"wp:featuredmedia":[{"embeddable":true,"href":"https:\/\/archive.sana.sy\/es\/index.php?rest_route=\/wp\/v2\/media\/7453"}],"wp:attachment":[{"href":"https:\/\/archive.sana.sy\/es\/index.php?rest_route=%2Fwp%2Fv2%2Fmedia&parent=7452"}],"wp:term":[{"taxonomy":"category","embeddable":true,"href":"https:\/\/archive.sana.sy\/es\/index.php?rest_route=%2Fwp%2Fv2%2Fcategories&post=7452"},{"taxonomy":"post_tag","embeddable":true,"href":"https:\/\/archive.sana.sy\/es\/index.php?rest_route=%2Fwp%2Fv2%2Ftags&post=7452"}],"curies":[{"name":"wp","href":"https:\/\/api.w.org\/{rel}","templated":true}]}}