{"id":74551,"date":"2017-12-25T09:26:04","date_gmt":"2017-12-25T07:26:04","guid":{"rendered":"https:\/\/www.sana.sy\/es\/?p=74551"},"modified":"2023-01-09T14:09:09","modified_gmt":"2023-01-09T12:09:09","slug":"carnaval-en-alepo-con-motivo-de-la-navidad-y-el-aniversario-de-liberacion-de-la-ciudad-del-terrorismo","status":"publish","type":"post","link":"https:\/\/archive.sana.sy\/es\/?p=74551","title":{"rendered":"Carnaval en Alepo con motivo de la Navidad y el aniversario de liberaci\u00f3n de la ciudad del terrorismo"},"content":{"rendered":"<p><span style=\"color: #800000;\">Alepo, SANA<\/span><\/p>\n<p>La ciudad de Alepo vive estos d\u00edas una gran alegr\u00eda y sus calles y barrios son testigos de celebraciones populares no s\u00f3lo por la Navidad y el A\u00f1o Nuevo sino tambi\u00e9n por el primer aniversario de la liberaci\u00f3n de la ciudad del terrorismo.<\/p>\n<p>Los habitantes del barrio Sirian celebraron la Navidad con una marcha carnaval donde cientos de j\u00f3venes vestidos de ropas de Santa Claus recorrieron las calles cantando y tocando m\u00fasica patri\u00f3tica y navide\u00f1a.<\/p>\n<p>Seg\u00fan los organizadores, el carnaval es una expresi\u00f3n ceremonial de amor por la patria y una forma de encarnar la unidad nacional, adem\u00e1s de difundir la alegr\u00eda y pintar una sonrisa en los labios de la gente de Alepo.<\/p>\n<p>Afirmaron que los sirios viven en armon\u00eda, y su voluntad es m\u00e1s fuerte que todos los retos que imponen los enemigos y los terroristas.<\/p>\n<p><span style=\"color: #0000ff;\">F. Marouf\/ Dr. A. Shaban<\/span><\/p>\n","protected":false},"excerpt":{"rendered":"<p>Alepo, SANA La ciudad de Alepo vive estos d\u00edas una gran alegr\u00eda y sus calles y barrios son testigos de celebraciones populares no s\u00f3lo por la Navidad y el A\u00f1o Nuevo sino tambi\u00e9n por el primer aniversario de la liberaci\u00f3n de la ciudad del terrorismo. Los habitantes del barrio Sirian celebraron la Navidad con una &hellip;<\/p>\n","protected":false},"author":1,"featured_media":74552,"comment_status":"closed","ping_status":"closed","sticky":false,"template":"","format":"standard","meta":{"footnotes":""},"categories":[597,476,583,7541],"tags":[11263],"class_list":["post-74551","post","type-post","status-publish","format-standard","has-post-thumbnail","","category-cinta-de-noticias","category-locales","category-slide","category-ultimas-noticias","tag-carnaval-en-alepo-con-motivo-de-la-navidad-y-el-aniversario-de-liberacion-de-la-ciudad-del-terrorismo"],"_links":{"self":[{"href":"https:\/\/archive.sana.sy\/es\/index.php?rest_route=\/wp\/v2\/posts\/74551"}],"collection":[{"href":"https:\/\/archive.sana.sy\/es\/index.php?rest_route=\/wp\/v2\/posts"}],"about":[{"href":"https:\/\/archive.sana.sy\/es\/index.php?rest_route=\/wp\/v2\/types\/post"}],"author":[{"embeddable":true,"href":"https:\/\/archive.sana.sy\/es\/index.php?rest_route=\/wp\/v2\/users\/1"}],"replies":[{"embeddable":true,"href":"https:\/\/archive.sana.sy\/es\/index.php?rest_route=%2Fwp%2Fv2%2Fcomments&post=74551"}],"version-history":[{"count":0,"href":"https:\/\/archive.sana.sy\/es\/index.php?rest_route=\/wp\/v2\/posts\/74551\/revisions"}],"wp:featuredmedia":[{"embeddable":true,"href":"https:\/\/archive.sana.sy\/es\/index.php?rest_route=\/wp\/v2\/media\/74552"}],"wp:attachment":[{"href":"https:\/\/archive.sana.sy\/es\/index.php?rest_route=%2Fwp%2Fv2%2Fmedia&parent=74551"}],"wp:term":[{"taxonomy":"category","embeddable":true,"href":"https:\/\/archive.sana.sy\/es\/index.php?rest_route=%2Fwp%2Fv2%2Fcategories&post=74551"},{"taxonomy":"post_tag","embeddable":true,"href":"https:\/\/archive.sana.sy\/es\/index.php?rest_route=%2Fwp%2Fv2%2Ftags&post=74551"}],"curies":[{"name":"wp","href":"https:\/\/api.w.org\/{rel}","templated":true}]}}