{"id":74554,"date":"2017-12-25T10:15:00","date_gmt":"2017-12-25T08:15:00","guid":{"rendered":"https:\/\/www.sana.sy\/es\/?p=74554"},"modified":"2017-12-25T11:12:59","modified_gmt":"2017-12-25T09:12:59","slug":"mufti-hassoun-los-proyectos-de-sedicion-en-la-region-comenzaron-con-la-invasion-de-irak-en-2003","status":"publish","type":"post","link":"https:\/\/archive.sana.sy\/es\/?p=74554","title":{"rendered":"Muft\u00ed Hassoun: Los proyectos de sedici\u00f3n en la regi\u00f3n comenzaron con la invasi\u00f3n de Irak en 2003"},"content":{"rendered":"<p><span style=\"color: #800000;\">Damasco, SANA<\/span><\/p>\n<p>El Gran Muft\u00ed de la Rep\u00fablica de Siria, Ahmad Badr Eddin Hassoun, afirm\u00f3 la necesidad de que los cristianos y los musulmanes en el mundo est\u00e9n unidos frente a los usurpadores de Jerusal\u00e9n, pidiendo al mundo cristiano y al Papa levantar la voz en contra de la decisi\u00f3n del presidente estadounidense Donald Trump de reconocer a Jerusal\u00e9n como capital del ocupante israel\u00ed.<\/p>\n<p>En una entrevista con el canal Al-Mayadeen, Hassoun dijo que la injusta decisi\u00f3n de Trump representa un desprecio por el Derecho Internacional y las resoluciones de la ONU, indicando que el pueblo palestino y todos los libres en el mundo levantaron sus voces en contra de esta decisi\u00f3n.<\/p>\n<p>Explic\u00f3 que \u201clos proyectos de la sedici\u00f3n en la regi\u00f3n son un \u201cjuego pol\u00edtico\u201d que ha comenzado con la invasi\u00f3n estadounidense a Irak en 2003 con el fin de crear el \u201cNuevo Oriente Medio\u201d, y agreg\u00f3 que &#8220;el mundo debe darse cuenta de que este lenguaje ha fallado en Siria e Irak, y ahora est\u00e1 fallando en Yemen\u201d.<\/p>\n<p>El Gran Muft\u00ed se burl\u00f3 de los pa\u00edses del Golfo que movilizaron a todos los extremistas y terroristas a combatir en Siria, al mismo tiempo en que no han movido nada por Jerusal\u00e9n.<\/p>\n<p><span style=\"color: #0000ff;\">F. Marouf\/ Dr. A. Shaban<\/span><\/p>\n","protected":false},"excerpt":{"rendered":"<p>Damasco, SANA El Gran Muft\u00ed de la Rep\u00fablica de Siria, Ahmad Badr Eddin Hassoun, afirm\u00f3 la necesidad de que los cristianos y los musulmanes en el mundo est\u00e9n unidos frente a los usurpadores de Jerusal\u00e9n, pidiendo al mundo cristiano y al Papa levantar la voz en contra de la decisi\u00f3n del presidente estadounidense Donald Trump &hellip;<\/p>\n","protected":false},"author":1,"featured_media":74555,"comment_status":"closed","ping_status":"closed","sticky":false,"template":"","format":"standard","meta":{"footnotes":""},"categories":[597,476,583],"tags":[11264],"class_list":["post-74554","post","type-post","status-publish","format-standard","has-post-thumbnail","","category-cinta-de-noticias","category-locales","category-slide","tag-mufti-hassoun-los-proyectos-de-sedicion-en-la-region-comenzaron-con-la-invasion-de-irak-en-2003"],"_links":{"self":[{"href":"https:\/\/archive.sana.sy\/es\/index.php?rest_route=\/wp\/v2\/posts\/74554"}],"collection":[{"href":"https:\/\/archive.sana.sy\/es\/index.php?rest_route=\/wp\/v2\/posts"}],"about":[{"href":"https:\/\/archive.sana.sy\/es\/index.php?rest_route=\/wp\/v2\/types\/post"}],"author":[{"embeddable":true,"href":"https:\/\/archive.sana.sy\/es\/index.php?rest_route=\/wp\/v2\/users\/1"}],"replies":[{"embeddable":true,"href":"https:\/\/archive.sana.sy\/es\/index.php?rest_route=%2Fwp%2Fv2%2Fcomments&post=74554"}],"version-history":[{"count":0,"href":"https:\/\/archive.sana.sy\/es\/index.php?rest_route=\/wp\/v2\/posts\/74554\/revisions"}],"wp:featuredmedia":[{"embeddable":true,"href":"https:\/\/archive.sana.sy\/es\/index.php?rest_route=\/wp\/v2\/media\/74555"}],"wp:attachment":[{"href":"https:\/\/archive.sana.sy\/es\/index.php?rest_route=%2Fwp%2Fv2%2Fmedia&parent=74554"}],"wp:term":[{"taxonomy":"category","embeddable":true,"href":"https:\/\/archive.sana.sy\/es\/index.php?rest_route=%2Fwp%2Fv2%2Fcategories&post=74554"},{"taxonomy":"post_tag","embeddable":true,"href":"https:\/\/archive.sana.sy\/es\/index.php?rest_route=%2Fwp%2Fv2%2Ftags&post=74554"}],"curies":[{"name":"wp","href":"https:\/\/api.w.org\/{rel}","templated":true}]}}