{"id":74557,"date":"2017-12-25T10:51:16","date_gmt":"2017-12-25T08:51:16","guid":{"rendered":"https:\/\/www.sana.sy\/es\/?p=74557"},"modified":"2017-12-25T11:33:33","modified_gmt":"2017-12-25T09:33:33","slug":"lavrov-reitera-que-la-presencia-estadounidense-en-siria-es-ilegal-y-obstaculiza-el-proceso-politico","status":"publish","type":"post","link":"https:\/\/archive.sana.sy\/es\/?p=74557","title":{"rendered":"Lavrov reitera que la presencia estadounidense en Siria es ilegal y obstaculiza el proceso pol\u00edtico"},"content":{"rendered":"<p><span style=\"color: #800000;\">Mosc\u00fa, SANA<\/span><\/p>\n<p>El ministro ruso de Exteriores, Sergu\u00e9i Lavrov, afirm\u00f3 que la presencia de EE.UU en Siria es ilegal.<\/p>\n<p>En una entrevista con RIA Novosti, el canciller ruso explic\u00f3 que despu\u00e9s de la eliminaci\u00f3n del grupo terrorista Daesh, la presencia militar de EE.UU es ilegal y obstaculiza el proceso pol\u00edtico encaminado a encontrar una soluci\u00f3n a la crisis en Siria.<\/p>\n<p>Tambi\u00e9n indic\u00f3 que Mosc\u00fa insiste ante EEUU de que su actividad armada en Siria &#8220;es ilegal desde el inicio acorde al derecho internacional&#8221;.<\/p>\n<p>El jefe de la diplomacia rusa agreg\u00f3 que Rusia seguir\u00e1 asistiendo a los sirios para que restablezcan la paz y el orden en su pa\u00eds.<\/p>\n<p>Subray\u00f3 que &#8220;al trabajar con los socios regionales e internacionales, Mosc\u00fa seguir\u00e1 recordando que es necesario respetar la soberan\u00eda, la independencia y la integridad territorial de Siria\u201d.<\/p>\n<p>Por otro lado, Lavrov dijo que en las relaciones entre Rusia y EEUU no se cre\u00f3 un nuevo tel\u00f3n de acero, pero reconoci\u00f3 que hay numerosos problemas entre los dos pa\u00edses, enumerando, como ejemplos de la pol\u00edtica anti-rusa de EEUU, las recientes sanciones y la presi\u00f3n sobre los medios y los diplom\u00e1ticos rusos.<\/p>\n<p>El ministro asegur\u00f3 que pese a los discursos anti-rusos en EEUU, Mosc\u00fa &#8220;act\u00faa de manera pragm\u00e1tica&#8221;.<\/p>\n<p><span style=\"color: #0000ff;\">F. Marouf\/ Dr. A. Shaban<\/span><\/p>\n","protected":false},"excerpt":{"rendered":"<p>Mosc\u00fa, SANA El ministro ruso de Exteriores, Sergu\u00e9i Lavrov, afirm\u00f3 que la presencia de EE.UU en Siria es ilegal. En una entrevista con RIA Novosti, el canciller ruso explic\u00f3 que despu\u00e9s de la eliminaci\u00f3n del grupo terrorista Daesh, la presencia militar de EE.UU es ilegal y obstaculiza el proceso pol\u00edtico encaminado a encontrar una soluci\u00f3n &hellip;<\/p>\n","protected":false},"author":1,"featured_media":74558,"comment_status":"closed","ping_status":"closed","sticky":false,"template":"","format":"standard","meta":{"footnotes":""},"categories":[597,467,583,7541],"tags":[11265],"class_list":["post-74557","post","type-post","status-publish","format-standard","has-post-thumbnail","","category-cinta-de-noticias","category-siria-y-el-mundo","category-slide","category-ultimas-noticias","tag-lavrov-reitera-que-la-presencia-estadounidense-en-siria-es-ilegal-y-obstaculiza-el-proceso-politico"],"_links":{"self":[{"href":"https:\/\/archive.sana.sy\/es\/index.php?rest_route=\/wp\/v2\/posts\/74557"}],"collection":[{"href":"https:\/\/archive.sana.sy\/es\/index.php?rest_route=\/wp\/v2\/posts"}],"about":[{"href":"https:\/\/archive.sana.sy\/es\/index.php?rest_route=\/wp\/v2\/types\/post"}],"author":[{"embeddable":true,"href":"https:\/\/archive.sana.sy\/es\/index.php?rest_route=\/wp\/v2\/users\/1"}],"replies":[{"embeddable":true,"href":"https:\/\/archive.sana.sy\/es\/index.php?rest_route=%2Fwp%2Fv2%2Fcomments&post=74557"}],"version-history":[{"count":0,"href":"https:\/\/archive.sana.sy\/es\/index.php?rest_route=\/wp\/v2\/posts\/74557\/revisions"}],"wp:featuredmedia":[{"embeddable":true,"href":"https:\/\/archive.sana.sy\/es\/index.php?rest_route=\/wp\/v2\/media\/74558"}],"wp:attachment":[{"href":"https:\/\/archive.sana.sy\/es\/index.php?rest_route=%2Fwp%2Fv2%2Fmedia&parent=74557"}],"wp:term":[{"taxonomy":"category","embeddable":true,"href":"https:\/\/archive.sana.sy\/es\/index.php?rest_route=%2Fwp%2Fv2%2Fcategories&post=74557"},{"taxonomy":"post_tag","embeddable":true,"href":"https:\/\/archive.sana.sy\/es\/index.php?rest_route=%2Fwp%2Fv2%2Ftags&post=74557"}],"curies":[{"name":"wp","href":"https:\/\/api.w.org\/{rel}","templated":true}]}}