{"id":74564,"date":"2017-12-25T13:15:02","date_gmt":"2017-12-25T11:15:02","guid":{"rendered":"https:\/\/www.sana.sy\/es\/?p=74564"},"modified":"2017-12-25T20:46:09","modified_gmt":"2017-12-25T18:46:09","slug":"putin-examina-con-el-conejo-de-seguridad-de-rusia-las-preparaciones-de-del-dialogo-nacional-sirio-en-sochi","status":"publish","type":"post","link":"https:\/\/archive.sana.sy\/es\/?p=74564","title":{"rendered":"Putin: Rusia continuar\u00e1 la lucha contra el terrorismo"},"content":{"rendered":"<p><span style=\"color: #800000\">Mosc\u00fa- SANA<\/span><\/p>\n<p>El presidente ruso, Vladimir Putin dijo el lunes que Rusia continuar\u00e1 la lucha contra el terrorismo, incluso en territorio de Siria \u00a8si fuese necesario\u00a8.<br \/>\n&#8220;No es necesario utilizar las fuerzas armadas de Rusia en Siria en la medida en que se han utilizado hasta ahora y continuaremos la lucha antiterroristas, incluso en Siria si fuese necesario&#8221;, dijo Putin en una reuni\u00f3n con miembros de la\u00a0Asamblea Federal del Parlamento Ruso.<\/p>\n<p>Agreg\u00f3 que la mayor parte del contingente militar ruso se retir\u00f3 de Siria, \u00a8ya que no hay una necesidad para la presencia de muchos equipos y empleados all\u00ed en el actual momento.<\/p>\n<p><span style=\"color: #0000ff\">Putin examina con el Conejo de seguridad de Rusia las preparaciones de del dialogo nacional sirio en Sochi<\/span><\/p>\n<p>El presidente ruso Vladimir Putin ha examinado durante una reuni\u00f3n hoy con los miembros del Consejo de Seguridad de Rusia numerosos asuntos, entre ellos las preparaciones de la conferencia del di\u00e1logo nacional sirio.<\/p>\n<p>La Agencia de Noticias Rusa Sputnik citando al portavoz de la Presidencia rusa Dimitri Bescouv dijo que \u201cse ha examinado durante la reuni\u00f3n los preparativo de la conferencia del di\u00e1logo sirio que tendr\u00e1 lugar en Sochi en Rusia.<\/p>\n<p>Cabe destacar que los pa\u00edses garantes del Acuerdo de Cese de hostilidades en Siria (Rusia, Ir\u00e1n y Turqu\u00eda) anunciaron en la declaraci\u00f3n final de la reuni\u00f3n de Astan\u00e1 8 sobre Siria la semana pasada que se celebrar\u00e1 la conferencia del di\u00e1logo nacional sirio del 29-30 de enero pr\u00f3ximo en Sochi con la participaci\u00f3n de todos los componentes de la sociedad siria.<\/p>\n<p>Por otra parte Peskov dijo que \u201cel Kremlin est\u00e1 preocupado por motivo de los debates estadounidenses sobre nuevas sanciones contra Rusia\u201d, a\u00f1adiendo que \u201cel Kremlin y el presidente Putin nunca han ocultado su visi\u00f3n negativa hacia las sanciones que se adoptan contra Rusia.<\/p>\n<p>Cabe mencionar que Am\u00e9rica y la Uni\u00f3n Europeo hab\u00edan impuesto sanciones contra Rusia en el a\u00f1o 2014 en el contexto de la crisis de Ucrania, y Rusia las calific\u00f3 como sanciones injustos y respondi\u00f3 con sanciones similares.<\/p>\n<p><span style=\"color: #0000ff\">Dr. A. Shaban-Y.K.<\/span><\/p>\n","protected":false},"excerpt":{"rendered":"<p>Mosc\u00fa- SANA El presidente ruso, Vladimir Putin dijo el lunes que Rusia continuar\u00e1 la lucha contra el terrorismo, incluso en territorio de Siria \u00a8si fuese necesario\u00a8. &#8220;No es necesario utilizar las fuerzas armadas de Rusia en Siria en la medida en que se han utilizado hasta ahora y continuaremos la lucha antiterroristas, incluso en Siria &hellip;<\/p>\n","protected":false},"author":1,"featured_media":43992,"comment_status":"closed","ping_status":"closed","sticky":false,"template":"","format":"standard","meta":{"footnotes":""},"categories":[597,467,583,7541],"tags":[],"class_list":["post-74564","post","type-post","status-publish","format-standard","has-post-thumbnail","","category-cinta-de-noticias","category-siria-y-el-mundo","category-slide","category-ultimas-noticias"],"_links":{"self":[{"href":"https:\/\/archive.sana.sy\/es\/index.php?rest_route=\/wp\/v2\/posts\/74564"}],"collection":[{"href":"https:\/\/archive.sana.sy\/es\/index.php?rest_route=\/wp\/v2\/posts"}],"about":[{"href":"https:\/\/archive.sana.sy\/es\/index.php?rest_route=\/wp\/v2\/types\/post"}],"author":[{"embeddable":true,"href":"https:\/\/archive.sana.sy\/es\/index.php?rest_route=\/wp\/v2\/users\/1"}],"replies":[{"embeddable":true,"href":"https:\/\/archive.sana.sy\/es\/index.php?rest_route=%2Fwp%2Fv2%2Fcomments&post=74564"}],"version-history":[{"count":0,"href":"https:\/\/archive.sana.sy\/es\/index.php?rest_route=\/wp\/v2\/posts\/74564\/revisions"}],"wp:featuredmedia":[{"embeddable":true,"href":"https:\/\/archive.sana.sy\/es\/index.php?rest_route=\/wp\/v2\/media\/43992"}],"wp:attachment":[{"href":"https:\/\/archive.sana.sy\/es\/index.php?rest_route=%2Fwp%2Fv2%2Fmedia&parent=74564"}],"wp:term":[{"taxonomy":"category","embeddable":true,"href":"https:\/\/archive.sana.sy\/es\/index.php?rest_route=%2Fwp%2Fv2%2Fcategories&post=74564"},{"taxonomy":"post_tag","embeddable":true,"href":"https:\/\/archive.sana.sy\/es\/index.php?rest_route=%2Fwp%2Fv2%2Ftags&post=74564"}],"curies":[{"name":"wp","href":"https:\/\/api.w.org\/{rel}","templated":true}]}}