{"id":74566,"date":"2017-12-25T13:02:04","date_gmt":"2017-12-25T11:02:04","guid":{"rendered":"https:\/\/www.sana.sy\/es\/?p=74566"},"modified":"2017-12-25T13:57:48","modified_gmt":"2017-12-25T11:57:48","slug":"bogdanov-los-paises-garantes-realizan-negociaciones-sobre-la-agenda-de-la-conferencia-del-dialogo-nacional-sirio-previsto-a-celebrarse-en-sochi","status":"publish","type":"post","link":"https:\/\/archive.sana.sy\/es\/?p=74566","title":{"rendered":"Bogdanov: los pa\u00edses garantes realizan negociaciones sobre la agenda de la conferencia del di\u00e1logo nacional sirio previsto a celebrarse en Sochi"},"content":{"rendered":"<p><span style=\"color: #800000;\">Mosc\u00fa- SANA<\/span><\/p>\n<p>El representante especial del presidente ruso para los Asuntos de Medio Oriente y de los pa\u00edses de \u00c1frica, Michael Bogdanov, anunci\u00f3 que los pa\u00edses garantes del acuerdo del cese de hostilidades en Siria que son Rusia, Turqu\u00eda e Ir\u00e1n realizan consultas sobre la agenda de la conferencia de di\u00e1logo nacional sirio que se celebrar\u00e1 a finales del pr\u00f3ximo mes de enero en la ciudad rusa de Sochi.<\/p>\n<p>Bogdanov dijo a Sputnik que \u201clas consultas se centran en las cuestiones que se discutir\u00e1n en la conferencia, y cu\u00e1les son los discursos y las agendas de trabajo, tomando en consideraci\u00f3n la opini\u00f3n de los pa\u00edses occidentales incluido Estados Unidos\u201d.<\/p>\n<p>El responsable ruso a\u00f1adi\u00f3 que \u201cRusia, Ir\u00e1n y Turqu\u00eda est\u00e1n realizando consulta al respecto, as\u00ed como realizan contactos con los socios occidentales incluidos los estadounidenses sobre el asunto.<\/p>\n<p>Bogdanov afirm\u00f3 anteayer que su pa\u00eds llama a todas las partes sirias a participar en el di\u00e1logo nacional sirio que tendr\u00e1 lugar en la cuidad de Sochi en Rusia en enero pr\u00f3ximo.<\/p>\n<p>Cabe destacar que los pa\u00edses garantes del acuerdo del cese de hostilidades en Siria retiraron en una declaraci\u00f3n emitida el 22 de este mes de diciembre al final de reuni\u00f3n de Astan\u00e1 8, la cual fue le\u00edda por el ministro de Asuntos Exteriores de Kazajst\u00e1n, Khairat Abdul Rahmanov sus compromisos con la integridad territorial de Siria con encontrar una soluci\u00f3n pol\u00edtica a la crisis de la misma. Y llamaron a tomar pasos urgentes y activos para ayudar a los sirios a lograr una soluci\u00f3n pol\u00edtica, y colaborar por la celebraci\u00f3n de la conferencia del di\u00e1logo sirio en Sochi entre el 29 y el 30 de enero que viene con la participaci\u00f3n de todas las partes sirias.<\/p>\n<p><span style=\"color: #0000ff;\">Dr. A. Shaban<\/span><\/p>\n","protected":false},"excerpt":{"rendered":"<p>Mosc\u00fa- SANA El representante especial del presidente ruso para los Asuntos de Medio Oriente y de los pa\u00edses de \u00c1frica, Michael Bogdanov, anunci\u00f3 que los pa\u00edses garantes del acuerdo del cese de hostilidades en Siria que son Rusia, Turqu\u00eda e Ir\u00e1n realizan consultas sobre la agenda de la conferencia de di\u00e1logo nacional sirio que se &hellip;<\/p>\n","protected":false},"author":1,"featured_media":74570,"comment_status":"closed","ping_status":"closed","sticky":false,"template":"","format":"standard","meta":{"footnotes":""},"categories":[597,467,7541],"tags":[],"class_list":["post-74566","post","type-post","status-publish","format-standard","has-post-thumbnail","","category-cinta-de-noticias","category-siria-y-el-mundo","category-ultimas-noticias"],"_links":{"self":[{"href":"https:\/\/archive.sana.sy\/es\/index.php?rest_route=\/wp\/v2\/posts\/74566"}],"collection":[{"href":"https:\/\/archive.sana.sy\/es\/index.php?rest_route=\/wp\/v2\/posts"}],"about":[{"href":"https:\/\/archive.sana.sy\/es\/index.php?rest_route=\/wp\/v2\/types\/post"}],"author":[{"embeddable":true,"href":"https:\/\/archive.sana.sy\/es\/index.php?rest_route=\/wp\/v2\/users\/1"}],"replies":[{"embeddable":true,"href":"https:\/\/archive.sana.sy\/es\/index.php?rest_route=%2Fwp%2Fv2%2Fcomments&post=74566"}],"version-history":[{"count":0,"href":"https:\/\/archive.sana.sy\/es\/index.php?rest_route=\/wp\/v2\/posts\/74566\/revisions"}],"wp:featuredmedia":[{"embeddable":true,"href":"https:\/\/archive.sana.sy\/es\/index.php?rest_route=\/wp\/v2\/media\/74570"}],"wp:attachment":[{"href":"https:\/\/archive.sana.sy\/es\/index.php?rest_route=%2Fwp%2Fv2%2Fmedia&parent=74566"}],"wp:term":[{"taxonomy":"category","embeddable":true,"href":"https:\/\/archive.sana.sy\/es\/index.php?rest_route=%2Fwp%2Fv2%2Fcategories&post=74566"},{"taxonomy":"post_tag","embeddable":true,"href":"https:\/\/archive.sana.sy\/es\/index.php?rest_route=%2Fwp%2Fv2%2Ftags&post=74566"}],"curies":[{"name":"wp","href":"https:\/\/api.w.org\/{rel}","templated":true}]}}