{"id":74628,"date":"2017-12-26T18:48:24","date_gmt":"2017-12-26T16:48:24","guid":{"rendered":"https:\/\/www.sana.sy\/es\/?p=74628"},"modified":"2017-12-26T18:48:24","modified_gmt":"2017-12-26T16:48:24","slug":"una-delegacion-de-mujeres-sirias-arriba-en-iran-para-una-visita-oficial","status":"publish","type":"post","link":"https:\/\/archive.sana.sy\/es\/?p=74628","title":{"rendered":"Una delegaci\u00f3n de mujeres sirias arriba en Ir\u00e1n para una visita oficial"},"content":{"rendered":"<p><span style=\"color: #800000\">Teher\u00e1n, SANA<\/span>&#8211; Una delegaci\u00f3n de mujeres de varias universidades sirias visit\u00f3 hoy el Consejo Consultivo Isl\u00e1mico iran\u00ed, donde se reuni\u00f3 con la presidenta del Comit\u00e9 de Mujeres en el Consejo.<\/p>\n<p>Durante la reuni\u00f3n, se intercambiaron puntos de vista sobre la presencia de mujeres en las sociedades de ambos Estados, y el papel de las mujeres junto con los hombres en la educaci\u00f3n durante y despu\u00e9s de las guerras para evitar los efectos negativos que generan.<\/p>\n<p>En el mismo contexto, la delegaci\u00f3n se reuni\u00f3 con la Sra, Zahra Mostafavi, hija del fundador de la Rep\u00fablica Isl\u00e1mica de Ir\u00e1n, fallecido im\u00e1n Khomeini, donde se habl\u00f3 sobre los efectos de la guerra en las generaciones y c\u00f3mo evitar los da\u00f1os ocasionados en los componentes de la sociedad a trav\u00e9s de m\u00e9todos cient\u00edficos, conciencia, culturales y sociales y la difusi\u00f3n de la cultura del amor y la convivencia.<\/p>\n<p>Asimismo, la delegaci\u00f3n de mujeres siria realiz\u00f3 una visita a uno de los centros de Movilizaci\u00f3n Femenina en Teher\u00e1n, as\u00ed como la universidad de Al Zahara.<\/p>\n<p>Como parte de sus actividades, la delegaci\u00f3n se reuni\u00f3 con el embajador sirio en Teher\u00e1n, Dr. Adnan Mahmoud, quien destac\u00f3 la importancia de estas visitas para fortalecer las relaciones entre Siria e Ir\u00e1n, especialmente a nivel social, porque las mujeres desempe\u00f1an un papel importante y pionero en la educaci\u00f3n de las generaciones y en la contribuci\u00f3n a la construcci\u00f3n de la civilizaci\u00f3n y el progreso.<\/p>\n<p>M\/Miri<\/p>\n","protected":false},"excerpt":{"rendered":"<p>Teher\u00e1n, SANA&#8211; Una delegaci\u00f3n de mujeres de varias universidades sirias visit\u00f3 hoy el Consejo Consultivo Isl\u00e1mico iran\u00ed, donde se reuni\u00f3 con la presidenta del Comit\u00e9 de Mujeres en el Consejo. Durante la reuni\u00f3n, se intercambiaron puntos de vista sobre la presencia de mujeres en las sociedades de ambos Estados, y el papel de las mujeres &hellip;<\/p>\n","protected":false},"author":1,"featured_media":74629,"comment_status":"closed","ping_status":"closed","sticky":false,"template":"","format":"standard","meta":{"footnotes":""},"categories":[597,467,7541],"tags":[11275],"class_list":["post-74628","post","type-post","status-publish","format-standard","has-post-thumbnail","","category-cinta-de-noticias","category-siria-y-el-mundo","category-ultimas-noticias","tag-una-delegacion-de-mujeres"],"_links":{"self":[{"href":"https:\/\/archive.sana.sy\/es\/index.php?rest_route=\/wp\/v2\/posts\/74628"}],"collection":[{"href":"https:\/\/archive.sana.sy\/es\/index.php?rest_route=\/wp\/v2\/posts"}],"about":[{"href":"https:\/\/archive.sana.sy\/es\/index.php?rest_route=\/wp\/v2\/types\/post"}],"author":[{"embeddable":true,"href":"https:\/\/archive.sana.sy\/es\/index.php?rest_route=\/wp\/v2\/users\/1"}],"replies":[{"embeddable":true,"href":"https:\/\/archive.sana.sy\/es\/index.php?rest_route=%2Fwp%2Fv2%2Fcomments&post=74628"}],"version-history":[{"count":0,"href":"https:\/\/archive.sana.sy\/es\/index.php?rest_route=\/wp\/v2\/posts\/74628\/revisions"}],"wp:featuredmedia":[{"embeddable":true,"href":"https:\/\/archive.sana.sy\/es\/index.php?rest_route=\/wp\/v2\/media\/74629"}],"wp:attachment":[{"href":"https:\/\/archive.sana.sy\/es\/index.php?rest_route=%2Fwp%2Fv2%2Fmedia&parent=74628"}],"wp:term":[{"taxonomy":"category","embeddable":true,"href":"https:\/\/archive.sana.sy\/es\/index.php?rest_route=%2Fwp%2Fv2%2Fcategories&post=74628"},{"taxonomy":"post_tag","embeddable":true,"href":"https:\/\/archive.sana.sy\/es\/index.php?rest_route=%2Fwp%2Fv2%2Ftags&post=74628"}],"curies":[{"name":"wp","href":"https:\/\/api.w.org\/{rel}","templated":true}]}}