{"id":74675,"date":"2017-12-27T17:09:35","date_gmt":"2017-12-27T15:09:35","guid":{"rendered":"https:\/\/www.sana.sy\/es\/?p=74675"},"modified":"2017-12-27T17:09:35","modified_gmt":"2017-12-27T15:09:35","slug":"exteriores-erdogan-es-el-principal-responsable-del-derramamiento-de-sangre-siria","status":"publish","type":"post","link":"https:\/\/archive.sana.sy\/es\/?p=74675","title":{"rendered":"Exteriores: &#8220;Erdogan es el principal responsable del derramamiento de sangre siria&#8221;"},"content":{"rendered":"<p><span style=\"color: #800000\">Damasco, SANA<\/span>&#8211; Una fuente oficial del Ministerio de Asuntos Exteriores y Expatriados ha destacado que el presidente del r\u00e9gimen turco, Recep Tayyip Erdogan, es el principal responsable del derramamiento de sangre siria, y que su agresi\u00f3n y la entrada de su fuerza en territorio sirio es una de las im\u00e1genes de su apoyo al terrorismo takfiri.<\/p>\n<p>&#8220;De nuevo el presidente del turco contin\u00faa enga\u00f1ando a la opini\u00f3n p\u00fablica en un intento desesperado para justificar a s\u00ed mismo de los cr\u00edmenes cometidos contra el pueblo \u00e1rabe sirio mediante su apoyo ilimitado y conocido prestado a los grupos terroristas en Siria, y por lo tanto \u00e9l es el primer responsable del derramamiento de sangre siria y la agresi\u00f3n y la entrada de sus tropas en territorio sirio no son m\u00e1s que una de las im\u00e1genes de este apoyo al terrorismo y la confirmaci\u00f3n de sus ambiciones expansionistas&#8221;, dice el texto del ente sirio.<\/p>\n<p>La fuente a\u00f1adi\u00f3 que Erdogan, que convirti\u00f3 a Turqu\u00eda en una gran prisi\u00f3n y trat\u00f3 de hacer callar a los periodistas y a todos aquellos que no est\u00e1n de acuerdo con \u00e9l que se oponen a sus pol\u00edticas destructivas no s\u00f3lo contra Siria, adem\u00e1s dichas pol\u00edticas tienen sus consecuencias desastrosas para Turqu\u00eda tambi\u00e9n &#8230;este Erdogan no tiene ninguna credibilidad para dar consejos consumidos que ya no reciben atenci\u00f3n ninguna, sino que son cada vez lanzados una nueva condena contra \u00e9l y muestran el grado de tensi\u00f3n y confusi\u00f3n generadas por sus pol\u00edticas torpes.<\/p>\n<p>La fuente concluy\u00f3 su comunicado diciendo que la paranoia y las ilusiones del pasado de que viven dentro de Erdogan le hicieron olvidar que su imperio ya ha desaparecido irrevocablemente y que los Estados ya no son \u201cwaliato\/vilayato\u201d que pertenecen a \u00e9l y que los pueblos libres son los que deciden sus opciones y decisiones nacionales y defienden su soberan\u00eda y no permitir\u00e1n a Erdogan intervenir en cualquier forma en sus asuntos.<\/p>\n<p>M\/Miri<\/p>\n","protected":false},"excerpt":{"rendered":"<p>Damasco, SANA&#8211; Una fuente oficial del Ministerio de Asuntos Exteriores y Expatriados ha destacado que el presidente del r\u00e9gimen turco, Recep Tayyip Erdogan, es el principal responsable del derramamiento de sangre siria, y que su agresi\u00f3n y la entrada de su fuerza en territorio sirio es una de las im\u00e1genes de su apoyo al terrorismo &hellip;<\/p>\n","protected":false},"author":1,"featured_media":74676,"comment_status":"closed","ping_status":"closed","sticky":false,"template":"","format":"standard","meta":{"footnotes":""},"categories":[597,467,583,7541],"tags":[11286],"class_list":["post-74675","post","type-post","status-publish","format-standard","has-post-thumbnail","","category-cinta-de-noticias","category-siria-y-el-mundo","category-slide","category-ultimas-noticias","tag-ministerio-de-asuntos-exteriores-y-expatriados"],"_links":{"self":[{"href":"https:\/\/archive.sana.sy\/es\/index.php?rest_route=\/wp\/v2\/posts\/74675"}],"collection":[{"href":"https:\/\/archive.sana.sy\/es\/index.php?rest_route=\/wp\/v2\/posts"}],"about":[{"href":"https:\/\/archive.sana.sy\/es\/index.php?rest_route=\/wp\/v2\/types\/post"}],"author":[{"embeddable":true,"href":"https:\/\/archive.sana.sy\/es\/index.php?rest_route=\/wp\/v2\/users\/1"}],"replies":[{"embeddable":true,"href":"https:\/\/archive.sana.sy\/es\/index.php?rest_route=%2Fwp%2Fv2%2Fcomments&post=74675"}],"version-history":[{"count":0,"href":"https:\/\/archive.sana.sy\/es\/index.php?rest_route=\/wp\/v2\/posts\/74675\/revisions"}],"wp:featuredmedia":[{"embeddable":true,"href":"https:\/\/archive.sana.sy\/es\/index.php?rest_route=\/wp\/v2\/media\/74676"}],"wp:attachment":[{"href":"https:\/\/archive.sana.sy\/es\/index.php?rest_route=%2Fwp%2Fv2%2Fmedia&parent=74675"}],"wp:term":[{"taxonomy":"category","embeddable":true,"href":"https:\/\/archive.sana.sy\/es\/index.php?rest_route=%2Fwp%2Fv2%2Fcategories&post=74675"},{"taxonomy":"post_tag","embeddable":true,"href":"https:\/\/archive.sana.sy\/es\/index.php?rest_route=%2Fwp%2Fv2%2Ftags&post=74675"}],"curies":[{"name":"wp","href":"https:\/\/api.w.org\/{rel}","templated":true}]}}