{"id":74678,"date":"2017-12-27T17:24:49","date_gmt":"2017-12-27T15:24:49","guid":{"rendered":"https:\/\/www.sana.sy\/es\/?p=74678"},"modified":"2023-01-10T15:16:40","modified_gmt":"2023-01-10T13:16:40","slug":"siria-e-irak-examinan-la-implementacion-del-acuerdo-de-conexion-electrica","status":"publish","type":"post","link":"https:\/\/archive.sana.sy\/es\/?p=74678","title":{"rendered":"Siria e Irak examinan la implementaci\u00f3n del acuerdo de conexi\u00f3n el\u00e9ctrica"},"content":{"rendered":"<p><span style=\"color: #800000\">Damasco, SANA<\/span>-El ministro de Electricidad, Mohammad Zuhair Kharboutli, discuti\u00f3 el mi\u00e9rcoles con su hom\u00f3logo iraqu\u00ed, Qasim Mohammad al-Fahadawi, completar el acuerdo de conexi\u00f3n el\u00e9ctrica firmado en el pasado noviembre entre Siria, Irak e Ir\u00e1n.<\/p>\n<p>Ambas partes tambi\u00e9n discutieron beneficiarse de los recursos industriales y humanos en la fase de reconstrucci\u00f3n.<\/p>\n<p>Durante una reuni\u00f3n celebrada en el edificio del Ministerio de Electricidad, Kharboutli dijo que la reuni\u00f3n apunta a completar la implementaci\u00f3n del proyecto de conexi\u00f3n el\u00e9ctrica entre Siria e Irak, que apoya al sistema el\u00e9ctrico entre los dos pa\u00edses y contribuye a resolver el problema de la electricidad y mejorar su estabilidad.<\/p>\n<p>A su vez, al-Fahadawi se\u00f1al\u00f3 que Siria necesita energ\u00eda el\u00e9ctrica para aumentar la producci\u00f3n e implementar proyectos econ\u00f3micos mientras que Irak tiene un gran excedente de electricidad que se reflejar\u00e1 positivamente en el caso de la inversi\u00f3n en los dos pa\u00edses.<\/p>\n<p>Agreg\u00f3 que se desarroll\u00f3 un plan para hacer un seguimiento de la implementaci\u00f3n del proyecto, y aque la parte iraqu\u00ed proporcionar\u00e1 todo el apoyo necesario para la implementaci\u00f3n de este proyecto.<\/p>\n<p>El martes, al-Fahadawi lleg\u00f3 a Damasco acompa\u00f1ado por una delegaci\u00f3n t\u00e9cnica para completar el proyecto de conexi\u00f3n de energ\u00eda el\u00e9ctrica entre Siria e Irak.<\/p>\n<p>M\/Miri<\/p>\n","protected":false},"excerpt":{"rendered":"<p>Damasco, SANA-El ministro de Electricidad, Mohammad Zuhair Kharboutli, discuti\u00f3 el mi\u00e9rcoles con su hom\u00f3logo iraqu\u00ed, Qasim Mohammad al-Fahadawi, completar el acuerdo de conexi\u00f3n el\u00e9ctrica firmado en el pasado noviembre entre Siria, Irak e Ir\u00e1n. Ambas partes tambi\u00e9n discutieron beneficiarse de los recursos industriales y humanos en la fase de reconstrucci\u00f3n. Durante una reuni\u00f3n celebrada en &hellip;<\/p>\n","protected":false},"author":1,"featured_media":74679,"comment_status":"closed","ping_status":"closed","sticky":false,"template":"","format":"standard","meta":{"footnotes":""},"categories":[597,485,7541],"tags":[11287],"class_list":["post-74678","post","type-post","status-publish","format-standard","has-post-thumbnail","","category-cinta-de-noticias","category-informes-negocios-y-finanzas","category-ultimas-noticias","tag-mohammad-zuhair-kharboutli"],"_links":{"self":[{"href":"https:\/\/archive.sana.sy\/es\/index.php?rest_route=\/wp\/v2\/posts\/74678"}],"collection":[{"href":"https:\/\/archive.sana.sy\/es\/index.php?rest_route=\/wp\/v2\/posts"}],"about":[{"href":"https:\/\/archive.sana.sy\/es\/index.php?rest_route=\/wp\/v2\/types\/post"}],"author":[{"embeddable":true,"href":"https:\/\/archive.sana.sy\/es\/index.php?rest_route=\/wp\/v2\/users\/1"}],"replies":[{"embeddable":true,"href":"https:\/\/archive.sana.sy\/es\/index.php?rest_route=%2Fwp%2Fv2%2Fcomments&post=74678"}],"version-history":[{"count":0,"href":"https:\/\/archive.sana.sy\/es\/index.php?rest_route=\/wp\/v2\/posts\/74678\/revisions"}],"wp:featuredmedia":[{"embeddable":true,"href":"https:\/\/archive.sana.sy\/es\/index.php?rest_route=\/wp\/v2\/media\/74679"}],"wp:attachment":[{"href":"https:\/\/archive.sana.sy\/es\/index.php?rest_route=%2Fwp%2Fv2%2Fmedia&parent=74678"}],"wp:term":[{"taxonomy":"category","embeddable":true,"href":"https:\/\/archive.sana.sy\/es\/index.php?rest_route=%2Fwp%2Fv2%2Fcategories&post=74678"},{"taxonomy":"post_tag","embeddable":true,"href":"https:\/\/archive.sana.sy\/es\/index.php?rest_route=%2Fwp%2Fv2%2Ftags&post=74678"}],"curies":[{"name":"wp","href":"https:\/\/api.w.org\/{rel}","templated":true}]}}