{"id":74716,"date":"2017-12-28T18:18:10","date_gmt":"2017-12-28T16:18:10","guid":{"rendered":"https:\/\/www.sana.sy\/es\/?p=74716"},"modified":"2017-12-28T20:05:14","modified_gmt":"2017-12-28T18:05:14","slug":"bogdanov-y-el-embajador-de-iran-en-moscu-debaten-las-preparaciones-para-la-conferencia-nacional-siria-en-sochi","status":"publish","type":"post","link":"https:\/\/archive.sana.sy\/es\/?p=74716","title":{"rendered":"Bogdanov aborda con el embajador sirio e iran\u00ed las preparaciones para la conferencia nacional siria en Sochi"},"content":{"rendered":"<p>&nbsp;<\/p>\n<p><span style=\"color: #800000;\">Mosc\u00fa-SANA<\/span><\/p>\n<p>El viceministro de Exteriores ruso, Mija\u00edl Bogdanov, abord\u00f3 con el embajador de Siria en Mosc\u00fa, Riad Haddad las preparaciones para celebrar una conferencia de di\u00e1logo nacional sirio en la ciudad de Sochi a finales de enero.<\/p>\n<p>El ministerio de Exteriores ruso inform\u00f3 en un comunicado que Bogdanov y Haddad abordaron el desarrollo de la situaci\u00f3n en Siria, centrando en los asuntos relacionados con el arreglo pol\u00edtico a la crisis, sobre todo los resultados de la Reuni\u00f3n de Astan\u00e1.<\/p>\n<p>Anteriormente, \u00a0Bogdanov abord\u00f3 con el embajador iran\u00ed en Mosc\u00fa, Mehdi Sanai, las preparaciones para la conferencia del di\u00e1logo nacional sirio que se celebrar\u00eda en la ciudad rusa de Sochi el pr\u00f3ximo mes.<\/p>\n<p>La canciller\u00eda rusa dijo en un comunicado que durante el encuentro se intercambiaron puntos de vista sobre la situaci\u00f3n en Oriente Medio, enfocando en la situaci\u00f3n en Siria y Yemen.<\/p>\n<p>Las dos partes debatieron los asuntos de colaboraci\u00f3n entre Rusia e Ir\u00e1n en el marco de los resultados de la reuni\u00f3n de Astan\u00e1 8 sobre Siria y las preparaciones para la conferencia de di\u00e1logo nacional sirio.<\/p>\n<p><span style=\"color: #0000ff;\">Akram. S<\/span><\/p>\n","protected":false},"excerpt":{"rendered":"<p>&nbsp; Mosc\u00fa-SANA El viceministro de Exteriores ruso, Mija\u00edl Bogdanov, abord\u00f3 con el embajador de Siria en Mosc\u00fa, Riad Haddad las preparaciones para celebrar una conferencia de di\u00e1logo nacional sirio en la ciudad de Sochi a finales de enero. El ministerio de Exteriores ruso inform\u00f3 en un comunicado que Bogdanov y Haddad abordaron el desarrollo de &hellip;<\/p>\n","protected":false},"author":1,"featured_media":74717,"comment_status":"closed","ping_status":"closed","sticky":false,"template":"","format":"standard","meta":{"footnotes":""},"categories":[597,467,7541],"tags":[],"class_list":["post-74716","post","type-post","status-publish","format-standard","has-post-thumbnail","","category-cinta-de-noticias","category-siria-y-el-mundo","category-ultimas-noticias"],"_links":{"self":[{"href":"https:\/\/archive.sana.sy\/es\/index.php?rest_route=\/wp\/v2\/posts\/74716"}],"collection":[{"href":"https:\/\/archive.sana.sy\/es\/index.php?rest_route=\/wp\/v2\/posts"}],"about":[{"href":"https:\/\/archive.sana.sy\/es\/index.php?rest_route=\/wp\/v2\/types\/post"}],"author":[{"embeddable":true,"href":"https:\/\/archive.sana.sy\/es\/index.php?rest_route=\/wp\/v2\/users\/1"}],"replies":[{"embeddable":true,"href":"https:\/\/archive.sana.sy\/es\/index.php?rest_route=%2Fwp%2Fv2%2Fcomments&post=74716"}],"version-history":[{"count":0,"href":"https:\/\/archive.sana.sy\/es\/index.php?rest_route=\/wp\/v2\/posts\/74716\/revisions"}],"wp:featuredmedia":[{"embeddable":true,"href":"https:\/\/archive.sana.sy\/es\/index.php?rest_route=\/wp\/v2\/media\/74717"}],"wp:attachment":[{"href":"https:\/\/archive.sana.sy\/es\/index.php?rest_route=%2Fwp%2Fv2%2Fmedia&parent=74716"}],"wp:term":[{"taxonomy":"category","embeddable":true,"href":"https:\/\/archive.sana.sy\/es\/index.php?rest_route=%2Fwp%2Fv2%2Fcategories&post=74716"},{"taxonomy":"post_tag","embeddable":true,"href":"https:\/\/archive.sana.sy\/es\/index.php?rest_route=%2Fwp%2Fv2%2Ftags&post=74716"}],"curies":[{"name":"wp","href":"https:\/\/api.w.org\/{rel}","templated":true}]}}